{"id":4802,"date":"2024-09-22T17:49:41","date_gmt":"2024-09-22T20:49:41","guid":{"rendered":"https:\/\/periodicodialogo.cl\/wp\/?p=4802"},"modified":"2024-09-22T17:49:43","modified_gmt":"2024-09-22T20:49:43","slug":"como-iniciar-a-los-ninos-en-la-lectura","status":"publish","type":"post","link":"https:\/\/periodicodialogo.cl\/wp\/2024\/09\/como-iniciar-a-los-ninos-en-la-lectura\/","title":{"rendered":"C\u00f3mo iniciar a los ni\u00f1os en la lectura"},"content":{"rendered":"\n<figure class=\"wp-block-image size-full\"><img decoding=\"async\" src=\"https:\/\/periodicodialogo.cl\/wp\/wp-content\/uploads\/2024\/09\/pexels-kampus-7414066-edited-scaled.jpg\" alt=\"\" class=\"wp-image-4804\"\/><\/figure>\n\n\n\n<p class=\"has-medium-font-size\"><em><strong>No solo se trata de \u201ccultura\u201d: estudios demuestran que el uso exagerado y constante de tecnolog\u00eda conlleva al mal rendimiento escolar y que, al contrario, la lectura estimula el buen desempe\u00f1o acad\u00e9mico. Con acciones f\u00e1ciles y entretenidas, los ni\u00f1os s\u00ed pueden volver a las hojas m\u00e1gicas de cuentos y novelas.<\/strong><\/em><\/p>\n\n\n\n<!--more-->\n\n\n\n<hr class=\"wp-block-separator has-alpha-channel-opacity\"\/>\n\n\n\n<p class=\"has-small-font-size\"><strong>Por Paulina P\u00e9rez D.<\/strong><\/p>\n\n\n\n<p class=\"has-drop-cap\">La literatura no solo es un arte: en el desarrollo humano, cumple una funci\u00f3n vital para el proceso cognitivo, estimulando la imaginaci\u00f3n y el pensamiento abstracto, a la vez que, dependiendo de la edad del peque\u00f1o lector, puede ser una potente gu\u00eda en contenidos, fomentando valores y otorgando ense\u00f1anzas.<\/p>\n\n\n\n<p>Sin embargo, la lectura es un ejercicio cada vez m\u00e1s complejo de fomentar, dada la presencia de tecnolog\u00eda tanto en la cotidianeidad de ni\u00f1os y ni\u00f1as, como tambi\u00e9n en su vida escolar que, por su inmediatez, est\u00edmulo e instantaneidad de acceso a la informaci\u00f3n, la convierten en su principal entretenimiento y su primordial fuente de datos. Pero revertirlo no es imposible.<\/p>\n\n\n\n<p><strong>El poder de leer<\/strong><\/p>\n\n\n\n<p>Para Patricia Vargas Carranza, acad\u00e9mica y mag\u00edster en Filosof\u00eda Aplicada, adem\u00e1s del desarrollo de la imaginaci\u00f3n, leer es importante para la concentraci\u00f3n y para aumentar el vocabulario. \u201cLas personas pensamos mediante el uso de la palabra, por lo tanto, en la medida en que manejamos un lenguaje m\u00e1s amplio, se expande nuestro espectro de pensamiento. En otras palabras, mientras m\u00e1s leemos, sacamos m\u00e1s partido a nuestra capacidad intelectual. Los libros permiten conocer otras realidades, aprender cosas nuevas, y vivir aventuras. Adem\u00e1s, ense\u00f1an a pensar de forma m\u00e1s profunda, cr\u00edtica y reflexiva, algo que la inmediatez de la tecnolog\u00eda no siempre fomenta\u201d, afirma.<\/p>\n\n\n\n<p>Ahora, m\u00e1s que en ninguna \u00e9poca de la historia, la principal dificultad para ingresar a ni\u00f1os y ni\u00f1as al mundo de la lectura es tener que \u201ccompetir\u201d con la tecnolog\u00eda. \u201c\u00c9sta de alguna manera se nos adelanta y nos presenta soluciones, o aparentes soluciones, sin requerir un mayor esfuerzo por nuestra parte. En el caso de los ni\u00f1os, este atractivo cobra mayor fuerza, pues la voluntad est\u00e1 menos desarrollada. Reciben todo, en un segundo: videos, juegos, memes&#8230; &nbsp;Y, claro, en general les gusta la gratificaci\u00f3n r\u00e1pida. Leer, por el contrario, requiere un poquito m\u00e1s de empe\u00f1o, pero la recompensa ser\u00e1 mucho m\u00e1s profunda y duradera, aunque a veces cueste verlo desde el principio\u201d afirma la acad\u00e9mica, docente del Bachillerato en Humanidades y Ciencias Sociales de la Universidad San Sebasti\u00e1n.<\/p>\n\n\n\n<p>Ante eso, \u00bfes recomendable limitar el uso de pantalla en los ni\u00f1os, para reemplazar su uso por la lectura? La acad\u00e9mica universitaria expresa que \u201cs\u00ed\u201d. \u201cLo ideal es limitar las pantallas y retrasar su uso lo m\u00e1s que se pueda: en general, conviene que los ni\u00f1os no est\u00e9n expuestos a pantallas antes de los tres a\u00f1os de edad, y hasta los nueve, solo de manera gradual. Sin dejar de lado la calidad del material que ven\u201d, refiere.<\/p>\n\n\n\n<blockquote class=\"wp-block-quote is-layout-flow wp-block-quote-is-layout-flow\">\n<p><em>\u201cMientras m\u00e1s leemos, sacamos m\u00e1s partido a nuestra capacidad intelectual. Los libros permiten conocer otras realidades, aprender cosas nuevas, y vivir aventuras. Adem\u00e1s, ense\u00f1an a pensar de forma m\u00e1s profunda, cr\u00edtica y reflexiva\u201d<\/em><\/p>\n<cite><em>Patricia Vargas, acad\u00e9mica y mag\u00edster en Filosof\u00eda Aplicada<\/em><\/cite><\/blockquote>\n\n\n\n<p>Emilio Sagredo Lillo, doctor en Psicolog\u00eda, y tambi\u00e9n en Educaci\u00f3n, se\u00f1ala que diversas investigaciones han demostrado que la exposici\u00f3n sistem\u00e1tica a internet y redes sociales produce dificultades psicoemocionales en ni\u00f1as, ni\u00f1os y adolescentes, afectando su proceso de aprendizaje. \u201cEsto no solo ocurre por la dificultad de centrarse en lo educativo debido al comportamiento rumiante asociado a estas dificultades, sino tambi\u00e9n porque las escuelas, como espacios de socializaci\u00f3n, ya no se limitan a las paredes de la organizaci\u00f3n: los estudiantes interact\u00faan muchas m\u00e1s horas en la web\u201d.<\/p>\n\n\n\n<p>Pero controlar el uso de tecnolog\u00eda y redes sociales no es sencillo. \u201cAunque parezca f\u00e1cil entender la necesidad de limitarlo, su implementaci\u00f3n es compleja. La \u00fanica forma efectiva es a trav\u00e9s de un compromiso transversal del estado, la sociedad y toda la comunidad educativa, incluyendo a padres y familias\u201d, acota el doctor Sagredo, quien se desempe\u00f1a como investigador en la Universidad San Sebasti\u00e1n.<\/p>\n\n\n\n<p>Adem\u00e1s de retrasar el uso tecnol\u00f3gico, esta transici\u00f3n debe ser gradual y sistem\u00e1tica, \u201ccomo un programa de tratamiento de adicciones, con metas espec\u00edficas y claras, avanzando paso a paso. Se puede comenzar con la lectura en dispositivos tecnol\u00f3gicos bajo supervisi\u00f3n, y luego pasar a los libros. Reitero que debe existir un compromiso transversal para que esta estrategia funcione\u201d, enfatiza.<\/p>\n\n\n\n<p><strong>\u00bfC\u00f3mo estimular la lectura?<\/strong><\/p>\n\n\n\n<p>Patricia Vargas sugiere comenzar con temas atractivos. \u201cSi al ni\u00f1o o ni\u00f1a le gustan los videojuegos, se puede comenzar con libros sobre aventuras \u00e9picas o mundos fant\u00e1sticos. Tambi\u00e9n los c\u00f3mics o novelas gr\u00e1ficas son una buena opci\u00f3n, ya que combinan texto con im\u00e1genes y hacen la lectura m\u00e1s amigable. Poco a poco, se les puede ir presentando literatura m\u00e1s compleja hasta llegar a libros cl\u00e1sicos, que son los que facilitan una reflexi\u00f3n m\u00e1s profunda y un acercamiento a tem\u00e1ticas m\u00e1s complejas\u201d, manifiesta la acad\u00e9mica de la USS Concepci\u00f3n.<\/p>\n\n\n\n<p>Francesca Meza Mart\u00ednez, terapeuta ocupacional dedicada a la educaci\u00f3n especial, recomienda guiar al ni\u00f1o o ni\u00f1a a buscar una lectura de su gusto. \u201cConviene primero observarlo, darse el tiempo de conversar con \u00e9l o ella y seleccionar cuentos y lecturas en torno a las tem\u00e1ticas de su inter\u00e9s. Tambi\u00e9n analizar qu\u00e9 tipo de canal de aprendizaje tiene mi hijo o hija, \u00bfser\u00e1 auditivo, visual o t\u00e1ctil? Por ejemplo, si es t\u00e1ctil debo buscar libros en relieve y\/o con textura; si es \u201cauditivo\u201d, se debe incorporar la lectura en voz alta o sonidos de apoyo, e incluso emplear audiolibros\u201d, propone.<\/p>\n\n\n\n<p>Si se trata de un ni\u00f1o o ni\u00f1a con necesidades especiales, debe iniciarse en la lectura en lugares adecuados, pisos blandos (tipo goma Eva), sentados en puff rellenos de plumavit, lo que \u201ccalma\u201d al cerebro y lo predispone al aprendizaje.<\/p>\n\n\n\n<blockquote class=\"wp-block-quote is-layout-flow wp-block-quote-is-layout-flow\">\n<p><em>\u201cLos adultos formamos partes del \u201cambiente social\u201d de hijos e hijas, y una de las formas de que el ser humano aprende es a trav\u00e9s del modelaje. Si no nos ven leer, no nos observan disfrutando de la lectura, ni les transmitimos la sensaci\u00f3n de agrado de leer, dif\u00edcilmente ellos lo podr\u00e1n incorporar\u201d<\/em><\/p>\n<cite><em>Francesca Meza Mart\u00ednez, terapeuta ocupacional<\/em><\/cite><\/blockquote>\n\n\n\n<p>Francesca Meza releva adem\u00e1s el apoyo parental en el proceso de adopci\u00f3n a la lectura de los hijos. \u201cEs esencial. Los adultos formamos partes del \u201cambiente social\u201d de hijos e hijas, y una de las formas de que el ser humano aprende es a trav\u00e9s del modelaje. Si no nos ven leer, no nos observan disfrutando de la lectura, ni les transmitimos la sensaci\u00f3n de agrado de leer, dif\u00edcilmente ellos lo podr\u00e1n incorporar\u201d, establece.<\/p>\n\n\n\n<p>A modo de resumen, los expertos aconsejan: estimular a que ni\u00f1os y ni\u00f1as lean un poquito cada d\u00eda, alguna historia ligera y divertida; leerles en voz alta, desde muy peque\u00f1os; leer en lugares agradables, a horas tranquilas; narrarle una historia o ver juntos una pel\u00edcula, y luego ofrecerle el libro original de esa historia; iniciarlos en libros con im\u00e1genes y visitar bibliotecas o librer\u00edas, para que conozcan y escojan textos de su inter\u00e9s.<\/p>\n\n\n\n<p>\u201cNunca debemos perder la esperanza. La lectura no siempre se desarrolla en la primera infancia; a veces llega al encontrar el canal de aprendizaje adecuado, y a veces llega en la adultez\u201d, puntualiza la acad\u00e9mica Meza.<\/p>\n\n\n\n<p><strong>La lectura en la educaci\u00f3n especial<\/strong><\/p>\n\n\n\n<p>Francesca Meza, quien se desempe\u00f1a en el colegio Rebeca Matte Bello, hace hincapi\u00e9 en que \u201cdentro de la neurodiversidad, todos aprendemos distinto. Por ende, no deber\u00eda haber un solo una sola opci\u00f3n para poder leer\u201d.<\/p>\n\n\n\n<p>En el caso de chicos y chicas con necesidades diferentes, junto con la exploraci\u00f3n de la lectura, Meza recomienda la incorporaci\u00f3n de elementos como la aromaterapia, a fin de predisponer al sistema nervioso central a incorporar esta actividad asociada a algo placentero. \u201cLo primero es que mi hijo debe estar regulado; si quiere moverse, debo apoyarlo a realizar actividades motoras, en las que su cerebro pueda regularse a trav\u00e9s diferentes acciones, el baile, el juego con elementos (como masa). Todo ese tipo de actividades pudiesen ser previas a la incorporaci\u00f3n de una rutina de lectura\u201d, aconseja Francesca Meza.<\/p>\n","protected":false},"excerpt":{"rendered":"<p>No solo se trata de \u201ccultura\u201d: estudios demuestran que el uso exagerado y constante de tecnolog\u00eda conlleva al mal rendimiento escolar y que, al contrario, la lectura estimula el buen desempe\u00f1o acad\u00e9mico. Con acciones f\u00e1ciles y entretenidas, los ni\u00f1os s\u00ed pueden volver a las hojas m\u00e1gicas de cuentos y novelas.<\/p>\n","protected":false},"author":8,"featured_media":4804,"comment_status":"closed","ping_status":"open","sticky":false,"template":"","format":"standard","meta":{"_acf_changed":false,"sb_editor_width":"","footnotes":""},"categories":[5],"tags":[],"class_list":["post-4802","post","type-post","status-publish","format-standard","has-post-thumbnail","hentry","category-temas"],"acf":[],"relative_dates":{"created":"2 a\u00f1os ago","modified":"2 a\u00f1os ago"},"yoast_head":"<!-- This site is optimized with the Yoast SEO plugin v23.8 - https:\/\/yoast.com\/wordpress\/plugins\/seo\/ -->\n<title>C\u00f3mo iniciar a los ni\u00f1os en la lectura - Di\u00e1logo<\/title>\n<meta name=\"robots\" content=\"index, follow, max-snippet:-1, max-image-preview:large, max-video-preview:-1\" \/>\n<link rel=\"canonical\" href=\"https:\/\/periodicodialogo.cl\/wp\/2024\/09\/como-iniciar-a-los-ninos-en-la-lectura\/\" \/>\n<meta property=\"og:locale\" content=\"es_ES\" \/>\n<meta property=\"og:type\" content=\"article\" \/>\n<meta property=\"og:title\" content=\"C\u00f3mo iniciar a los ni\u00f1os en la lectura - Di\u00e1logo\" \/>\n<meta property=\"og:description\" content=\"No solo se trata de \u201ccultura\u201d: estudios demuestran que el uso exagerado y constante de tecnolog\u00eda conlleva al mal rendimiento escolar y que, al contrario, la lectura estimula el buen desempe\u00f1o acad\u00e9mico. Con acciones f\u00e1ciles y entretenidas, los ni\u00f1os s\u00ed pueden volver a las hojas m\u00e1gicas de cuentos y novelas.\" \/>\n<meta property=\"og:url\" content=\"https:\/\/periodicodialogo.cl\/wp\/2024\/09\/como-iniciar-a-los-ninos-en-la-lectura\/\" \/>\n<meta property=\"og:site_name\" content=\"Di\u00e1logo\" \/>\n<meta property=\"article:published_time\" content=\"2024-09-22T20:49:41+00:00\" \/>\n<meta property=\"article:modified_time\" content=\"2024-09-22T20:49:43+00:00\" \/>\n<meta property=\"og:image\" content=\"https:\/\/periodicodialogo.cl\/wp\/wp-content\/uploads\/2024\/09\/pexels-kampus-7414066-edited-scaled.jpg\" \/>\n\t<meta property=\"og:image:width\" content=\"2560\" \/>\n\t<meta property=\"og:image:height\" content=\"1440\" \/>\n\t<meta property=\"og:image:type\" content=\"image\/jpeg\" \/>\n<meta name=\"author\" content=\"Paulina P\u00e9rez\" \/>\n<meta name=\"twitter:card\" content=\"summary_large_image\" \/>\n<meta name=\"twitter:label1\" content=\"Escrito por\" \/>\n\t<meta name=\"twitter:data1\" content=\"Paulina P\u00e9rez\" \/>\n\t<meta name=\"twitter:label2\" content=\"Tiempo estimado de lectura\" \/>\n\t<meta name=\"twitter:data2\" content=\"7 minutos\" \/>\n<script type=\"application\/ld+json\" class=\"yoast-schema-graph\">{\"@context\":\"https:\/\/schema.org\",\"@graph\":[{\"@type\":\"Article\",\"@id\":\"https:\/\/periodicodialogo.cl\/wp\/2024\/09\/como-iniciar-a-los-ninos-en-la-lectura\/#article\",\"isPartOf\":{\"@id\":\"https:\/\/periodicodialogo.cl\/wp\/2024\/09\/como-iniciar-a-los-ninos-en-la-lectura\/\"},\"author\":{\"name\":\"Paulina P\u00e9rez\",\"@id\":\"https:\/\/periodicodialogo.cl\/wp\/#\/schema\/person\/4a8f0a508c76dd7ec96a0ef9bc1f0d61\"},\"headline\":\"C\u00f3mo iniciar a los ni\u00f1os en la lectura\",\"datePublished\":\"2024-09-22T20:49:41+00:00\",\"dateModified\":\"2024-09-22T20:49:43+00:00\",\"mainEntityOfPage\":{\"@id\":\"https:\/\/periodicodialogo.cl\/wp\/2024\/09\/como-iniciar-a-los-ninos-en-la-lectura\/\"},\"wordCount\":1491,\"publisher\":{\"@id\":\"https:\/\/periodicodialogo.cl\/wp\/#organization\"},\"image\":{\"@id\":\"https:\/\/periodicodialogo.cl\/wp\/2024\/09\/como-iniciar-a-los-ninos-en-la-lectura\/#primaryimage\"},\"thumbnailUrl\":\"https:\/\/periodicodialogo.cl\/wp\/wp-content\/uploads\/2024\/09\/pexels-kampus-7414066-edited-scaled.jpg\",\"articleSection\":[\"Temas\"],\"inLanguage\":\"es-CL\"},{\"@type\":\"WebPage\",\"@id\":\"https:\/\/periodicodialogo.cl\/wp\/2024\/09\/como-iniciar-a-los-ninos-en-la-lectura\/\",\"url\":\"https:\/\/periodicodialogo.cl\/wp\/2024\/09\/como-iniciar-a-los-ninos-en-la-lectura\/\",\"name\":\"C\u00f3mo iniciar a los ni\u00f1os en la lectura - Di\u00e1logo\",\"isPartOf\":{\"@id\":\"https:\/\/periodicodialogo.cl\/wp\/#website\"},\"primaryImageOfPage\":{\"@id\":\"https:\/\/periodicodialogo.cl\/wp\/2024\/09\/como-iniciar-a-los-ninos-en-la-lectura\/#primaryimage\"},\"image\":{\"@id\":\"https:\/\/periodicodialogo.cl\/wp\/2024\/09\/como-iniciar-a-los-ninos-en-la-lectura\/#primaryimage\"},\"thumbnailUrl\":\"https:\/\/periodicodialogo.cl\/wp\/wp-content\/uploads\/2024\/09\/pexels-kampus-7414066-edited-scaled.jpg\",\"datePublished\":\"2024-09-22T20:49:41+00:00\",\"dateModified\":\"2024-09-22T20:49:43+00:00\",\"breadcrumb\":{\"@id\":\"https:\/\/periodicodialogo.cl\/wp\/2024\/09\/como-iniciar-a-los-ninos-en-la-lectura\/#breadcrumb\"},\"inLanguage\":\"es-CL\",\"potentialAction\":[{\"@type\":\"ReadAction\",\"target\":[\"https:\/\/periodicodialogo.cl\/wp\/2024\/09\/como-iniciar-a-los-ninos-en-la-lectura\/\"]}]},{\"@type\":\"ImageObject\",\"inLanguage\":\"es-CL\",\"@id\":\"https:\/\/periodicodialogo.cl\/wp\/2024\/09\/como-iniciar-a-los-ninos-en-la-lectura\/#primaryimage\",\"url\":\"https:\/\/periodicodialogo.cl\/wp\/wp-content\/uploads\/2024\/09\/pexels-kampus-7414066-edited-scaled.jpg\",\"contentUrl\":\"https:\/\/periodicodialogo.cl\/wp\/wp-content\/uploads\/2024\/09\/pexels-kampus-7414066-edited-scaled.jpg\",\"width\":3240,\"height\":1822},{\"@type\":\"BreadcrumbList\",\"@id\":\"https:\/\/periodicodialogo.cl\/wp\/2024\/09\/como-iniciar-a-los-ninos-en-la-lectura\/#breadcrumb\",\"itemListElement\":[{\"@type\":\"ListItem\",\"position\":1,\"name\":\"Portada\",\"item\":\"https:\/\/periodicodialogo.cl\/wp\/\"},{\"@type\":\"ListItem\",\"position\":2,\"name\":\"C\u00f3mo iniciar a los ni\u00f1os en la lectura\"}]},{\"@type\":\"WebSite\",\"@id\":\"https:\/\/periodicodialogo.cl\/wp\/#website\",\"url\":\"https:\/\/periodicodialogo.cl\/wp\/\",\"name\":\"Di\u00e1logo\",\"description\":\"Semanario de Cultura y Sociedad\",\"publisher\":{\"@id\":\"https:\/\/periodicodialogo.cl\/wp\/#organization\"},\"potentialAction\":[{\"@type\":\"SearchAction\",\"target\":{\"@type\":\"EntryPoint\",\"urlTemplate\":\"https:\/\/periodicodialogo.cl\/wp\/?s={search_term_string}\"},\"query-input\":{\"@type\":\"PropertyValueSpecification\",\"valueRequired\":true,\"valueName\":\"search_term_string\"}}],\"inLanguage\":\"es-CL\"},{\"@type\":\"Organization\",\"@id\":\"https:\/\/periodicodialogo.cl\/wp\/#organization\",\"name\":\"Di\u00e1logo\",\"url\":\"https:\/\/periodicodialogo.cl\/wp\/\",\"logo\":{\"@type\":\"ImageObject\",\"inLanguage\":\"es-CL\",\"@id\":\"https:\/\/periodicodialogo.cl\/wp\/#\/schema\/logo\/image\/\",\"url\":\"https:\/\/periodicodialogo.cl\/wp\/wp-content\/uploads\/2024\/10\/cropped-Dialg.png\",\"contentUrl\":\"https:\/\/periodicodialogo.cl\/wp\/wp-content\/uploads\/2024\/10\/cropped-Dialg.png\",\"width\":1667,\"height\":456,\"caption\":\"Di\u00e1logo\"},\"image\":{\"@id\":\"https:\/\/periodicodialogo.cl\/wp\/#\/schema\/logo\/image\/\"}},{\"@type\":\"Person\",\"@id\":\"https:\/\/periodicodialogo.cl\/wp\/#\/schema\/person\/4a8f0a508c76dd7ec96a0ef9bc1f0d61\",\"name\":\"Paulina P\u00e9rez\",\"url\":\"https:\/\/periodicodialogo.cl\/wp\/author\/paulina\/\"}]}<\/script>\n<!-- \/ Yoast SEO plugin. -->","yoast_head_json":{"title":"C\u00f3mo iniciar a los ni\u00f1os en la lectura - Di\u00e1logo","robots":{"index":"index","follow":"follow","max-snippet":"max-snippet:-1","max-image-preview":"max-image-preview:large","max-video-preview":"max-video-preview:-1"},"canonical":"https:\/\/periodicodialogo.cl\/wp\/2024\/09\/como-iniciar-a-los-ninos-en-la-lectura\/","og_locale":"es_ES","og_type":"article","og_title":"C\u00f3mo iniciar a los ni\u00f1os en la lectura - Di\u00e1logo","og_description":"No solo se trata de \u201ccultura\u201d: estudios demuestran que el uso exagerado y constante de tecnolog\u00eda conlleva al mal rendimiento escolar y que, al contrario, la lectura estimula el buen desempe\u00f1o acad\u00e9mico. Con acciones f\u00e1ciles y entretenidas, los ni\u00f1os s\u00ed pueden volver a las hojas m\u00e1gicas de cuentos y novelas.","og_url":"https:\/\/periodicodialogo.cl\/wp\/2024\/09\/como-iniciar-a-los-ninos-en-la-lectura\/","og_site_name":"Di\u00e1logo","article_published_time":"2024-09-22T20:49:41+00:00","article_modified_time":"2024-09-22T20:49:43+00:00","og_image":[{"width":2560,"height":1440,"url":"https:\/\/periodicodialogo.cl\/wp\/wp-content\/uploads\/2024\/09\/pexels-kampus-7414066-edited-scaled.jpg","type":"image\/jpeg"}],"author":"Paulina P\u00e9rez","twitter_card":"summary_large_image","twitter_misc":{"Escrito por":"Paulina P\u00e9rez","Tiempo estimado de lectura":"7 minutos"},"schema":{"@context":"https:\/\/schema.org","@graph":[{"@type":"Article","@id":"https:\/\/periodicodialogo.cl\/wp\/2024\/09\/como-iniciar-a-los-ninos-en-la-lectura\/#article","isPartOf":{"@id":"https:\/\/periodicodialogo.cl\/wp\/2024\/09\/como-iniciar-a-los-ninos-en-la-lectura\/"},"author":{"name":"Paulina P\u00e9rez","@id":"https:\/\/periodicodialogo.cl\/wp\/#\/schema\/person\/4a8f0a508c76dd7ec96a0ef9bc1f0d61"},"headline":"C\u00f3mo iniciar a los ni\u00f1os en la lectura","datePublished":"2024-09-22T20:49:41+00:00","dateModified":"2024-09-22T20:49:43+00:00","mainEntityOfPage":{"@id":"https:\/\/periodicodialogo.cl\/wp\/2024\/09\/como-iniciar-a-los-ninos-en-la-lectura\/"},"wordCount":1491,"publisher":{"@id":"https:\/\/periodicodialogo.cl\/wp\/#organization"},"image":{"@id":"https:\/\/periodicodialogo.cl\/wp\/2024\/09\/como-iniciar-a-los-ninos-en-la-lectura\/#primaryimage"},"thumbnailUrl":"https:\/\/periodicodialogo.cl\/wp\/wp-content\/uploads\/2024\/09\/pexels-kampus-7414066-edited-scaled.jpg","articleSection":["Temas"],"inLanguage":"es-CL"},{"@type":"WebPage","@id":"https:\/\/periodicodialogo.cl\/wp\/2024\/09\/como-iniciar-a-los-ninos-en-la-lectura\/","url":"https:\/\/periodicodialogo.cl\/wp\/2024\/09\/como-iniciar-a-los-ninos-en-la-lectura\/","name":"C\u00f3mo iniciar a los ni\u00f1os en la lectura - Di\u00e1logo","isPartOf":{"@id":"https:\/\/periodicodialogo.cl\/wp\/#website"},"primaryImageOfPage":{"@id":"https:\/\/periodicodialogo.cl\/wp\/2024\/09\/como-iniciar-a-los-ninos-en-la-lectura\/#primaryimage"},"image":{"@id":"https:\/\/periodicodialogo.cl\/wp\/2024\/09\/como-iniciar-a-los-ninos-en-la-lectura\/#primaryimage"},"thumbnailUrl":"https:\/\/periodicodialogo.cl\/wp\/wp-content\/uploads\/2024\/09\/pexels-kampus-7414066-edited-scaled.jpg","datePublished":"2024-09-22T20:49:41+00:00","dateModified":"2024-09-22T20:49:43+00:00","breadcrumb":{"@id":"https:\/\/periodicodialogo.cl\/wp\/2024\/09\/como-iniciar-a-los-ninos-en-la-lectura\/#breadcrumb"},"inLanguage":"es-CL","potentialAction":[{"@type":"ReadAction","target":["https:\/\/periodicodialogo.cl\/wp\/2024\/09\/como-iniciar-a-los-ninos-en-la-lectura\/"]}]},{"@type":"ImageObject","inLanguage":"es-CL","@id":"https:\/\/periodicodialogo.cl\/wp\/2024\/09\/como-iniciar-a-los-ninos-en-la-lectura\/#primaryimage","url":"https:\/\/periodicodialogo.cl\/wp\/wp-content\/uploads\/2024\/09\/pexels-kampus-7414066-edited-scaled.jpg","contentUrl":"https:\/\/periodicodialogo.cl\/wp\/wp-content\/uploads\/2024\/09\/pexels-kampus-7414066-edited-scaled.jpg","width":3240,"height":1822},{"@type":"BreadcrumbList","@id":"https:\/\/periodicodialogo.cl\/wp\/2024\/09\/como-iniciar-a-los-ninos-en-la-lectura\/#breadcrumb","itemListElement":[{"@type":"ListItem","position":1,"name":"Portada","item":"https:\/\/periodicodialogo.cl\/wp\/"},{"@type":"ListItem","position":2,"name":"C\u00f3mo iniciar a los ni\u00f1os en la lectura"}]},{"@type":"WebSite","@id":"https:\/\/periodicodialogo.cl\/wp\/#website","url":"https:\/\/periodicodialogo.cl\/wp\/","name":"Di\u00e1logo","description":"Semanario de Cultura y Sociedad","publisher":{"@id":"https:\/\/periodicodialogo.cl\/wp\/#organization"},"potentialAction":[{"@type":"SearchAction","target":{"@type":"EntryPoint","urlTemplate":"https:\/\/periodicodialogo.cl\/wp\/?s={search_term_string}"},"query-input":{"@type":"PropertyValueSpecification","valueRequired":true,"valueName":"search_term_string"}}],"inLanguage":"es-CL"},{"@type":"Organization","@id":"https:\/\/periodicodialogo.cl\/wp\/#organization","name":"Di\u00e1logo","url":"https:\/\/periodicodialogo.cl\/wp\/","logo":{"@type":"ImageObject","inLanguage":"es-CL","@id":"https:\/\/periodicodialogo.cl\/wp\/#\/schema\/logo\/image\/","url":"https:\/\/periodicodialogo.cl\/wp\/wp-content\/uploads\/2024\/10\/cropped-Dialg.png","contentUrl":"https:\/\/periodicodialogo.cl\/wp\/wp-content\/uploads\/2024\/10\/cropped-Dialg.png","width":1667,"height":456,"caption":"Di\u00e1logo"},"image":{"@id":"https:\/\/periodicodialogo.cl\/wp\/#\/schema\/logo\/image\/"}},{"@type":"Person","@id":"https:\/\/periodicodialogo.cl\/wp\/#\/schema\/person\/4a8f0a508c76dd7ec96a0ef9bc1f0d61","name":"Paulina P\u00e9rez","url":"https:\/\/periodicodialogo.cl\/wp\/author\/paulina\/"}]}},"jetpack_featured_media_url":"https:\/\/periodicodialogo.cl\/wp\/wp-content\/uploads\/2024\/09\/pexels-kampus-7414066-edited-scaled.jpg","_links":{"self":[{"href":"https:\/\/periodicodialogo.cl\/wp\/wp-json\/wp\/v2\/posts\/4802"}],"collection":[{"href":"https:\/\/periodicodialogo.cl\/wp\/wp-json\/wp\/v2\/posts"}],"about":[{"href":"https:\/\/periodicodialogo.cl\/wp\/wp-json\/wp\/v2\/types\/post"}],"author":[{"embeddable":true,"href":"https:\/\/periodicodialogo.cl\/wp\/wp-json\/wp\/v2\/users\/8"}],"replies":[{"embeddable":true,"href":"https:\/\/periodicodialogo.cl\/wp\/wp-json\/wp\/v2\/comments?post=4802"}],"version-history":[{"count":1,"href":"https:\/\/periodicodialogo.cl\/wp\/wp-json\/wp\/v2\/posts\/4802\/revisions"}],"predecessor-version":[{"id":4805,"href":"https:\/\/periodicodialogo.cl\/wp\/wp-json\/wp\/v2\/posts\/4802\/revisions\/4805"}],"wp:featuredmedia":[{"embeddable":true,"href":"https:\/\/periodicodialogo.cl\/wp\/wp-json\/wp\/v2\/media\/4804"}],"wp:attachment":[{"href":"https:\/\/periodicodialogo.cl\/wp\/wp-json\/wp\/v2\/media?parent=4802"}],"wp:term":[{"taxonomy":"category","embeddable":true,"href":"https:\/\/periodicodialogo.cl\/wp\/wp-json\/wp\/v2\/categories?post=4802"},{"taxonomy":"post_tag","embeddable":true,"href":"https:\/\/periodicodialogo.cl\/wp\/wp-json\/wp\/v2\/tags?post=4802"}],"curies":[{"name":"wp","href":"https:\/\/api.w.org\/{rel}","templated":true}]}}