{"id":4736,"date":"2024-08-18T17:46:06","date_gmt":"2024-08-18T20:46:06","guid":{"rendered":"https:\/\/periodicodialogo.cl\/wp\/?p=4736"},"modified":"2024-08-18T17:56:54","modified_gmt":"2024-08-18T20:56:54","slug":"detectar-el-tea-de-forma-oportuna","status":"publish","type":"post","link":"https:\/\/periodicodialogo.cl\/wp\/2024\/08\/detectar-el-tea-de-forma-oportuna\/","title":{"rendered":"Detectar el TEA de forma oportuna"},"content":{"rendered":"\n<figure class=\"wp-block-image size-full\"><img decoding=\"async\" src=\"https:\/\/periodicodialogo.cl\/wp\/wp-content\/uploads\/2024\/08\/tea-edited-scaled.jpeg\" alt=\"\" class=\"wp-image-4738\"\/><\/figure>\n\n\n\n<p class=\"has-medium-font-size\"><em><strong>Desde ayudarlos a moverse y escribir o dibujar hasta ayudarlos a relacionarse con sus compa\u00f1eros, el apoyo profesional temprano puede mejorar la calidad de vida de las personas con TEA. Especialistas abordan c\u00f3mo reconocerlo y qu\u00e9 hacer en caso de detectar las primeras se\u00f1ales.<\/strong><\/em><\/p>\n\n\n\n<!--more-->\n\n\n\n<hr class=\"wp-block-separator has-alpha-channel-opacity\"\/>\n\n\n\n<p class=\"has-small-font-size\"><strong>Por Tania Merino M.<\/strong><\/p>\n\n\n\n<p class=\"has-drop-cap\">\u201cPara m\u00ed, asistir al colegio era una fuente constante de angustia siendo una ni\u00f1a autista\u2026 Mi llanto en ese per\u00edodo, como muchos supon\u00edan, no era mero capricho, o dependencia excesiva. Para m\u00ed, cada d\u00eda escolar era sensorialmente agotador, pero como ni\u00f1a no ten\u00eda las herramientas, ni la madurez, para expresarlo\u201d. El testimonio de Ailyn Falk, integrante de Fundaci\u00f3n Uni\u00f3n Autismo y Neurodiversidad, FUAN, da cuenta del impacto que puede tener el Trastorno del Espectro Autista (TEA) en el desarrollo de ni\u00f1os y ni\u00f1as.<\/p>\n\n\n\n<p>Expertos coinciden en que identificar esta condici\u00f3n apenas aparecen las primeras se\u00f1ales no solo facilita intervenciones m\u00e1s efectivas, sino, adem\u00e1s, permite aprovechar la mayor capacidad de adaptaci\u00f3n en la infancia. Una intervenci\u00f3n anticipada puede mejorar de manera significativa el desarrollo de habilidades sociales, comunicativas y adaptativas, favoreciendo una integraci\u00f3n m\u00e1s eficaz en el entorno escolar y social y elevando la calidad de vida general del ni\u00f1o.<\/p>\n\n\n\n<p><strong>Signos tempranos del TEA<\/strong><\/p>\n\n\n\n<p>El Trastorno del Espectro Autista es una condici\u00f3n del neurodesarrollo que se manifiesta de manera diversa entre los individuos y a lo largo del tiempo. Gabriela Araya, neuropediatra del Departamento de Pediatr\u00eda de la Universidad de Concepci\u00f3n, explica que se trata de \u201cuna condici\u00f3n del neurodesarrollo que est\u00e1 presente desde etapas tempranas de la vida con manifestaciones muy heterog\u00e9neas\u201d. Esta variabilidad puede dificultar la identificaci\u00f3n temprana, ya que los signos pueden variar ampliamente entre diferentes ni\u00f1os y tambi\u00e9n en el mismo ni\u00f1o a medida que crece.<\/p>\n\n\n\n<p>La especialista se\u00f1ala que, en la evaluaci\u00f3n de un ni\u00f1o peque\u00f1o, \u201ces crucial estar atentos a ciertos signos de alerta que pueden indicar la presencia del TEA\u201d. Entre los primeros signos a observar en un lactante de 12 meses, se incluyen la falta de respuesta al nombre, la ausencia de se\u00f1alamiento hacia objetos de inter\u00e9s y una mirada escasa a los ojos\u201d. Estos comportamientos, explica, pueden ser indicadores tempranos de que el ni\u00f1o podr\u00eda estar en el espectro autista, describe la especialista.&nbsp;<\/p>\n\n\n\n<p>\u201cYa a los 18 meses los padres deben estar atentos a se\u00f1ales como, por ejemplo, el no iniciar juegos de simulaci\u00f3n, como darle de comer a un peluche, o si tiene poco inter\u00e9s por otras personas o realiza movimientos repetitivos como aleteo y girar en c\u00edrculos.&nbsp; En estos casos Araya sugiere que \u201ces importante que los padres consulten a un especialista al observar estos signos, ya que la intervenci\u00f3n temprana puede tener un impacto significativo en el desarrollo del ni\u00f1o\u201d, agrega.<\/p>\n\n\n\n<p>Marta Hern\u00e1ndez, pediatra y acad\u00e9mica de Medicina en la Universidad Andr\u00e9s Bello, complementa lo se\u00f1alado por lo neuropediatra, agregando que, desde los 6 meses, los padres pueden notar que \u201csus hijos se r\u00eden menos, no miran a sus padres\u201d y presentan una actitud inusualmente seria. Entre los 12 y 24 meses, los signos adicionales incluyen una pasividad notable, falta de respuesta al nombre y retraso en el desarrollo del lenguaje.&nbsp;<\/p>\n\n\n\n<p>Para los ni\u00f1os de 2 a 3 a\u00f1os, en tanto, la ausencia de juego simb\u00f3lico y el rechazo a se\u00f1alar objetos son indicios preocupantes. En la etapa escolar, los ni\u00f1os pueden presentar dificultades m\u00e1s evidentes en la sociabilidad, como \u201cno entender bromas\u201d y la falta de inter\u00e9s compartido con otros ni\u00f1os.<\/p>\n\n\n\n<p>Desde la Terapia Ocupacional, B\u00e1rbara Troncoso, acad\u00e9mica de la Universidad de Las Am\u00e9ricas suma detalles importantes de observar. Agrega que los ni\u00f1os con TEA a menudo muestran \u201cuna disfunci\u00f3n en el juego, generalmente tienen un juego solitario, poco funcional y desorganizado\u201d. Adem\u00e1s, pueden enfrentar dificultades sensoriales que afectan su participaci\u00f3n en actividades cotidianas, como el rechazo a ciertos tipos de ropa y problemas en la tolerancia a sonidos o contactos f\u00edsicos.<\/p>\n\n\n\n<p>Una herramienta a la que los padres y tutores pueden acceder es la \u201cGu\u00eda de Diagn\u00f3stico y Apoyos Tempranos en el Espectro Autista, de la Fundaci\u00f3n Uni\u00f3n Autismo y Neurodiversidad, FUAN. Esta gu\u00eda, recomendada por las expertas, proporciona informaci\u00f3n detallada sobre c\u00f3mo reconocer las se\u00f1ales tempranas del TEA y c\u00f3mo proceder con la evaluaci\u00f3n y la intervenci\u00f3n.<\/p>\n\n\n\n<blockquote class=\"wp-block-quote is-layout-flow wp-block-quote-is-layout-flow\">\n<p>&#8220;Entre los primeros signos a observar en un lactante de 12 meses, se incluyen la falta de respuesta al nombre, la ausencia de se\u00f1alamiento hacia objetos de inter\u00e9s y una mirada escasa a los ojos&#8221;.<\/p>\n<\/blockquote>\n\n\n\n<p><strong>Pasos por seguir ante la sospecha<\/strong><\/p>\n\n\n\n<p>Cuando los padres advierten se\u00f1ales de que su hijo o hija puede tener TEA, es esencial actuar de inmediato. El primer paso recomendado es consultar con un m\u00e9dico de confianza y solicitar pruebas de apoyo diagn\u00f3stico como el cuestionario M-CHAT basado en una serie de conductas a medir. Hern\u00e1ndez enfatiza que \u201csi hay sospecha diagn\u00f3stica alta de TEA, se debe realizar una evaluaci\u00f3n por neurolog\u00eda\u201d. Esta evaluaci\u00f3n permite realizar un diagn\u00f3stico diferencial, descartar otras patolog\u00edas y comenzar una intervenci\u00f3n adecuada.<\/p>\n\n\n\n<p>En la misma l\u00ednea, la neuropediatra Gabriela Araya enfatiza la necesidad de acudir a un profesional. Al hacerlo, asegura, es posible llevar a cabo una evaluaci\u00f3n multidisciplinaria. \u201cLa detecci\u00f3n temprana permite descartar o tratar algunas enfermedades asociadas al TEA, lo que puede mejorar la evoluci\u00f3n del ni\u00f1o\u201d.&nbsp;<\/p>\n\n\n\n<p>Adem\u00e1s, permite aprovechar la plasticidad neuronal, que es particularmente rica en los primeros a\u00f1os de vida. Araya subraya que \u201cla intervenci\u00f3n precoz debe ser multidisciplinaria, centr\u00e1ndose en las fortalezas del ni\u00f1o e involucrando a toda la familia\u201d, para ayudar a mejorar las habilidades de juego, la capacidad cognitiva, el habla y el lenguaje, as\u00ed como tambi\u00e9n el deseo de interacci\u00f3n con otros.<\/p>\n\n\n\n<p>Tal como lo evidencia la profesional UdeC, en el testimonio de Aylin tambi\u00e9n queda reflejada esta dificultad de relacionarse con otros durante su vida escolar. \u201cRecuerdo muy bien que en los primeros a\u00f1os de colegio cuando trataba de estar sola en el recreo (que es un tiempo de mucho bullicio y mucha actividad f\u00edsica y social), mis profesores me dec\u00edan, y lo recuerdo muy bien: \u00bfQu\u00e9 hace usted aqu\u00ed sola? Vaya a jugar con sus compa\u00f1eras\u201d.&nbsp; En su relato, disponible en FUAN, recuerda que, \u201clo \u00fanico que deseaba en ese per\u00edodo de tiempo, era estar en un lugar tranquilo, revisando libros con muchas im\u00e1genes y colores brillantes, o dibujando y pintando; actividades que para m\u00ed eran relajantes\u201d.<\/p>\n\n\n\n<p><strong>Recursos y apoyo a trav\u00e9s de la terapia&nbsp;<\/strong><\/p>\n\n\n\n<p>Para enfrentar un diagn\u00f3stico de TEA, Hern\u00e1ndez aconseja a los padres que comprendan que el TEA \u201cno es una enfermedad sino una condici\u00f3n que estar\u00e1 toda la vida\u201d. Es importante iniciar un plan de intervenci\u00f3n multidisciplinario lo antes posible para mejorar la calidad de vida del ni\u00f1o y reducir barreras. En lugar de buscar la \u201cneurotipicidad,\u201d el enfoque debe estar en trabajar con las caracter\u00edsticas \u00fanicas del ni\u00f1o, promoviendo un desarrollo respetuoso y personalizado.<\/p>\n\n\n\n<p>Una vez realizado el diagn\u00f3stico, las familias tienen acceso a varios recursos y medios de apoyo que son cruciales para el desarrollo del ni\u00f1o. En 2023, la Ley 21.545 en Chile estableci\u00f3 que el Estado debe desarrollar y promover el acceso al diagn\u00f3stico y a servicios multidisciplinarios en salud y educaci\u00f3n. Esta ley busca garantizar que las familias reciban el apoyo necesario y accedan a los recursos adecuados para enfrentar el diagn\u00f3stico.<\/p>\n\n\n\n<blockquote class=\"wp-block-quote is-layout-flow wp-block-quote-is-layout-flow\">\n<p><em>El primer paso recomendado es consultar con un m\u00e9dico de confianza y solicitar pruebas de apoyo diagn\u00f3stico como el cuestionario M-CHAT basado en una serie de conductas a medir.<\/em><\/p>\n<\/blockquote>\n\n\n\n<p>Las actividades espec\u00edficas que se usan para mejorar las habilidades de comunicaci\u00f3n generalmente ser\u00e1n guiadas por un fonoaudi\u00f3logo, a trav\u00e9s, por ejemplo, de sistemas de comunicaci\u00f3n aumentativo alternativo de alta y baja tecnolog\u00eda, disponibles en distintas plataformas, como la app Proloquo, una de las m\u00e1s conocidas. Tambi\u00e9n existen tableros de comunicaci\u00f3n los cuales son de baja tecnolog\u00eda que ayudan a que los sujetos no hablantes puedan comunicarse en sus distintos contextos.<\/p>\n\n\n\n<p>En esta etapa y las que vendr\u00e1n a futuro, B\u00e1rbara Troncoso, destaca el papel de la terapia ocupacional para \u201cmejorar la calidad de vida y desarrollar la autonom\u00eda e independencia del sujeto con el apoyo familiar y redes significativas\u201d. Las sesiones pueden incluir actividades espec\u00edficas para mejorar habilidades motoras y sensoriales.&nbsp;<\/p>\n\n\n\n<p>\u201cCon el desarrollo de habilidades motoras podemos generar un mayor desempe\u00f1o en distintos contextos, siendo uno de los m\u00e1s requeridos el contexto escolar, trabajar habilidades motoras finas nos permitir\u00e1 que el sujeto pueda dibujar y escribir correctamente, recortar y pintar. Trabajar habilidades motoras gruesas nos permitir\u00e1 que el ni\u00f1o pueda correr, bailar, saltar, lo cual favorecer\u00e1 al ni\u00f1o\/a desenvolverse con sus pares\u201d, explica la acad\u00e9mica UDLA.&nbsp;<\/p>\n","protected":false},"excerpt":{"rendered":"<p>Desde ayudarlos a moverse y escribir o dibujar hasta ayudarlos a relacionarse con sus compa\u00f1eros, el apoyo profesional temprano puede mejorar la calidad de vida de las personas con TEA. Especialistas abordan c\u00f3mo reconocerlo y qu\u00e9 hacer en caso de detectar las primeras se\u00f1ales.<\/p>\n","protected":false},"author":19,"featured_media":4738,"comment_status":"closed","ping_status":"open","sticky":false,"template":"","format":"standard","meta":{"_acf_changed":false,"sb_editor_width":"","footnotes":""},"categories":[5],"tags":[],"class_list":["post-4736","post","type-post","status-publish","format-standard","has-post-thumbnail","hentry","category-temas"],"acf":[],"relative_dates":{"created":"2 a\u00f1os ago","modified":"2 a\u00f1os ago"},"yoast_head":"<!-- This site is optimized with the Yoast SEO plugin v23.8 - https:\/\/yoast.com\/wordpress\/plugins\/seo\/ -->\n<title>Detectar el TEA de forma oportuna - Di\u00e1logo<\/title>\n<meta name=\"robots\" content=\"index, follow, max-snippet:-1, max-image-preview:large, max-video-preview:-1\" \/>\n<link rel=\"canonical\" href=\"https:\/\/periodicodialogo.cl\/wp\/2024\/08\/detectar-el-tea-de-forma-oportuna\/\" \/>\n<meta property=\"og:locale\" content=\"es_ES\" \/>\n<meta property=\"og:type\" content=\"article\" \/>\n<meta property=\"og:title\" content=\"Detectar el TEA de forma oportuna - Di\u00e1logo\" \/>\n<meta property=\"og:description\" content=\"Desde ayudarlos a moverse y escribir o dibujar hasta ayudarlos a relacionarse con sus compa\u00f1eros, el apoyo profesional temprano puede mejorar la calidad de vida de las personas con TEA. Especialistas abordan c\u00f3mo reconocerlo y qu\u00e9 hacer en caso de detectar las primeras se\u00f1ales.\" \/>\n<meta property=\"og:url\" content=\"https:\/\/periodicodialogo.cl\/wp\/2024\/08\/detectar-el-tea-de-forma-oportuna\/\" \/>\n<meta property=\"og:site_name\" content=\"Di\u00e1logo\" \/>\n<meta property=\"article:published_time\" content=\"2024-08-18T20:46:06+00:00\" \/>\n<meta property=\"article:modified_time\" content=\"2024-08-18T20:56:54+00:00\" \/>\n<meta property=\"og:image\" content=\"https:\/\/periodicodialogo.cl\/wp\/wp-content\/uploads\/2024\/08\/tea-edited-scaled.jpeg\" \/>\n\t<meta property=\"og:image:width\" content=\"2560\" \/>\n\t<meta property=\"og:image:height\" content=\"1440\" \/>\n\t<meta property=\"og:image:type\" content=\"image\/jpeg\" \/>\n<meta name=\"author\" content=\"Tania Merino\" \/>\n<meta name=\"twitter:card\" content=\"summary_large_image\" \/>\n<meta name=\"twitter:label1\" content=\"Escrito por\" \/>\n\t<meta name=\"twitter:data1\" content=\"Tania Merino\" \/>\n\t<meta name=\"twitter:label2\" content=\"Tiempo estimado de lectura\" \/>\n\t<meta name=\"twitter:data2\" content=\"8 minutos\" \/>\n<script type=\"application\/ld+json\" class=\"yoast-schema-graph\">{\"@context\":\"https:\/\/schema.org\",\"@graph\":[{\"@type\":\"Article\",\"@id\":\"https:\/\/periodicodialogo.cl\/wp\/2024\/08\/detectar-el-tea-de-forma-oportuna\/#article\",\"isPartOf\":{\"@id\":\"https:\/\/periodicodialogo.cl\/wp\/2024\/08\/detectar-el-tea-de-forma-oportuna\/\"},\"author\":{\"name\":\"Tania Merino\",\"@id\":\"https:\/\/periodicodialogo.cl\/wp\/#\/schema\/person\/f3aeee01a16dd118820cfdefdf203e20\"},\"headline\":\"Detectar el TEA de forma oportuna\",\"datePublished\":\"2024-08-18T20:46:06+00:00\",\"dateModified\":\"2024-08-18T20:56:54+00:00\",\"mainEntityOfPage\":{\"@id\":\"https:\/\/periodicodialogo.cl\/wp\/2024\/08\/detectar-el-tea-de-forma-oportuna\/\"},\"wordCount\":1566,\"publisher\":{\"@id\":\"https:\/\/periodicodialogo.cl\/wp\/#organization\"},\"image\":{\"@id\":\"https:\/\/periodicodialogo.cl\/wp\/2024\/08\/detectar-el-tea-de-forma-oportuna\/#primaryimage\"},\"thumbnailUrl\":\"https:\/\/periodicodialogo.cl\/wp\/wp-content\/uploads\/2024\/08\/tea-edited-scaled.jpeg\",\"articleSection\":[\"Temas\"],\"inLanguage\":\"es-CL\"},{\"@type\":\"WebPage\",\"@id\":\"https:\/\/periodicodialogo.cl\/wp\/2024\/08\/detectar-el-tea-de-forma-oportuna\/\",\"url\":\"https:\/\/periodicodialogo.cl\/wp\/2024\/08\/detectar-el-tea-de-forma-oportuna\/\",\"name\":\"Detectar el TEA de forma oportuna - Di\u00e1logo\",\"isPartOf\":{\"@id\":\"https:\/\/periodicodialogo.cl\/wp\/#website\"},\"primaryImageOfPage\":{\"@id\":\"https:\/\/periodicodialogo.cl\/wp\/2024\/08\/detectar-el-tea-de-forma-oportuna\/#primaryimage\"},\"image\":{\"@id\":\"https:\/\/periodicodialogo.cl\/wp\/2024\/08\/detectar-el-tea-de-forma-oportuna\/#primaryimage\"},\"thumbnailUrl\":\"https:\/\/periodicodialogo.cl\/wp\/wp-content\/uploads\/2024\/08\/tea-edited-scaled.jpeg\",\"datePublished\":\"2024-08-18T20:46:06+00:00\",\"dateModified\":\"2024-08-18T20:56:54+00:00\",\"breadcrumb\":{\"@id\":\"https:\/\/periodicodialogo.cl\/wp\/2024\/08\/detectar-el-tea-de-forma-oportuna\/#breadcrumb\"},\"inLanguage\":\"es-CL\",\"potentialAction\":[{\"@type\":\"ReadAction\",\"target\":[\"https:\/\/periodicodialogo.cl\/wp\/2024\/08\/detectar-el-tea-de-forma-oportuna\/\"]}]},{\"@type\":\"ImageObject\",\"inLanguage\":\"es-CL\",\"@id\":\"https:\/\/periodicodialogo.cl\/wp\/2024\/08\/detectar-el-tea-de-forma-oportuna\/#primaryimage\",\"url\":\"https:\/\/periodicodialogo.cl\/wp\/wp-content\/uploads\/2024\/08\/tea-edited-scaled.jpeg\",\"contentUrl\":\"https:\/\/periodicodialogo.cl\/wp\/wp-content\/uploads\/2024\/08\/tea-edited-scaled.jpeg\",\"width\":4032,\"height\":2268},{\"@type\":\"BreadcrumbList\",\"@id\":\"https:\/\/periodicodialogo.cl\/wp\/2024\/08\/detectar-el-tea-de-forma-oportuna\/#breadcrumb\",\"itemListElement\":[{\"@type\":\"ListItem\",\"position\":1,\"name\":\"Portada\",\"item\":\"https:\/\/periodicodialogo.cl\/wp\/\"},{\"@type\":\"ListItem\",\"position\":2,\"name\":\"Detectar el TEA de forma oportuna\"}]},{\"@type\":\"WebSite\",\"@id\":\"https:\/\/periodicodialogo.cl\/wp\/#website\",\"url\":\"https:\/\/periodicodialogo.cl\/wp\/\",\"name\":\"Di\u00e1logo\",\"description\":\"Semanario de Cultura y Sociedad\",\"publisher\":{\"@id\":\"https:\/\/periodicodialogo.cl\/wp\/#organization\"},\"potentialAction\":[{\"@type\":\"SearchAction\",\"target\":{\"@type\":\"EntryPoint\",\"urlTemplate\":\"https:\/\/periodicodialogo.cl\/wp\/?s={search_term_string}\"},\"query-input\":{\"@type\":\"PropertyValueSpecification\",\"valueRequired\":true,\"valueName\":\"search_term_string\"}}],\"inLanguage\":\"es-CL\"},{\"@type\":\"Organization\",\"@id\":\"https:\/\/periodicodialogo.cl\/wp\/#organization\",\"name\":\"Di\u00e1logo\",\"url\":\"https:\/\/periodicodialogo.cl\/wp\/\",\"logo\":{\"@type\":\"ImageObject\",\"inLanguage\":\"es-CL\",\"@id\":\"https:\/\/periodicodialogo.cl\/wp\/#\/schema\/logo\/image\/\",\"url\":\"https:\/\/periodicodialogo.cl\/wp\/wp-content\/uploads\/2024\/10\/cropped-Dialg.png\",\"contentUrl\":\"https:\/\/periodicodialogo.cl\/wp\/wp-content\/uploads\/2024\/10\/cropped-Dialg.png\",\"width\":1667,\"height\":456,\"caption\":\"Di\u00e1logo\"},\"image\":{\"@id\":\"https:\/\/periodicodialogo.cl\/wp\/#\/schema\/logo\/image\/\"}},{\"@type\":\"Person\",\"@id\":\"https:\/\/periodicodialogo.cl\/wp\/#\/schema\/person\/f3aeee01a16dd118820cfdefdf203e20\",\"name\":\"Tania Merino\",\"url\":\"https:\/\/periodicodialogo.cl\/wp\/author\/tania\/\"}]}<\/script>\n<!-- \/ Yoast SEO plugin. -->","yoast_head_json":{"title":"Detectar el TEA de forma oportuna - Di\u00e1logo","robots":{"index":"index","follow":"follow","max-snippet":"max-snippet:-1","max-image-preview":"max-image-preview:large","max-video-preview":"max-video-preview:-1"},"canonical":"https:\/\/periodicodialogo.cl\/wp\/2024\/08\/detectar-el-tea-de-forma-oportuna\/","og_locale":"es_ES","og_type":"article","og_title":"Detectar el TEA de forma oportuna - Di\u00e1logo","og_description":"Desde ayudarlos a moverse y escribir o dibujar hasta ayudarlos a relacionarse con sus compa\u00f1eros, el apoyo profesional temprano puede mejorar la calidad de vida de las personas con TEA. Especialistas abordan c\u00f3mo reconocerlo y qu\u00e9 hacer en caso de detectar las primeras se\u00f1ales.","og_url":"https:\/\/periodicodialogo.cl\/wp\/2024\/08\/detectar-el-tea-de-forma-oportuna\/","og_site_name":"Di\u00e1logo","article_published_time":"2024-08-18T20:46:06+00:00","article_modified_time":"2024-08-18T20:56:54+00:00","og_image":[{"width":2560,"height":1440,"url":"https:\/\/periodicodialogo.cl\/wp\/wp-content\/uploads\/2024\/08\/tea-edited-scaled.jpeg","type":"image\/jpeg"}],"author":"Tania Merino","twitter_card":"summary_large_image","twitter_misc":{"Escrito por":"Tania Merino","Tiempo estimado de lectura":"8 minutos"},"schema":{"@context":"https:\/\/schema.org","@graph":[{"@type":"Article","@id":"https:\/\/periodicodialogo.cl\/wp\/2024\/08\/detectar-el-tea-de-forma-oportuna\/#article","isPartOf":{"@id":"https:\/\/periodicodialogo.cl\/wp\/2024\/08\/detectar-el-tea-de-forma-oportuna\/"},"author":{"name":"Tania Merino","@id":"https:\/\/periodicodialogo.cl\/wp\/#\/schema\/person\/f3aeee01a16dd118820cfdefdf203e20"},"headline":"Detectar el TEA de forma oportuna","datePublished":"2024-08-18T20:46:06+00:00","dateModified":"2024-08-18T20:56:54+00:00","mainEntityOfPage":{"@id":"https:\/\/periodicodialogo.cl\/wp\/2024\/08\/detectar-el-tea-de-forma-oportuna\/"},"wordCount":1566,"publisher":{"@id":"https:\/\/periodicodialogo.cl\/wp\/#organization"},"image":{"@id":"https:\/\/periodicodialogo.cl\/wp\/2024\/08\/detectar-el-tea-de-forma-oportuna\/#primaryimage"},"thumbnailUrl":"https:\/\/periodicodialogo.cl\/wp\/wp-content\/uploads\/2024\/08\/tea-edited-scaled.jpeg","articleSection":["Temas"],"inLanguage":"es-CL"},{"@type":"WebPage","@id":"https:\/\/periodicodialogo.cl\/wp\/2024\/08\/detectar-el-tea-de-forma-oportuna\/","url":"https:\/\/periodicodialogo.cl\/wp\/2024\/08\/detectar-el-tea-de-forma-oportuna\/","name":"Detectar el TEA de forma oportuna - Di\u00e1logo","isPartOf":{"@id":"https:\/\/periodicodialogo.cl\/wp\/#website"},"primaryImageOfPage":{"@id":"https:\/\/periodicodialogo.cl\/wp\/2024\/08\/detectar-el-tea-de-forma-oportuna\/#primaryimage"},"image":{"@id":"https:\/\/periodicodialogo.cl\/wp\/2024\/08\/detectar-el-tea-de-forma-oportuna\/#primaryimage"},"thumbnailUrl":"https:\/\/periodicodialogo.cl\/wp\/wp-content\/uploads\/2024\/08\/tea-edited-scaled.jpeg","datePublished":"2024-08-18T20:46:06+00:00","dateModified":"2024-08-18T20:56:54+00:00","breadcrumb":{"@id":"https:\/\/periodicodialogo.cl\/wp\/2024\/08\/detectar-el-tea-de-forma-oportuna\/#breadcrumb"},"inLanguage":"es-CL","potentialAction":[{"@type":"ReadAction","target":["https:\/\/periodicodialogo.cl\/wp\/2024\/08\/detectar-el-tea-de-forma-oportuna\/"]}]},{"@type":"ImageObject","inLanguage":"es-CL","@id":"https:\/\/periodicodialogo.cl\/wp\/2024\/08\/detectar-el-tea-de-forma-oportuna\/#primaryimage","url":"https:\/\/periodicodialogo.cl\/wp\/wp-content\/uploads\/2024\/08\/tea-edited-scaled.jpeg","contentUrl":"https:\/\/periodicodialogo.cl\/wp\/wp-content\/uploads\/2024\/08\/tea-edited-scaled.jpeg","width":4032,"height":2268},{"@type":"BreadcrumbList","@id":"https:\/\/periodicodialogo.cl\/wp\/2024\/08\/detectar-el-tea-de-forma-oportuna\/#breadcrumb","itemListElement":[{"@type":"ListItem","position":1,"name":"Portada","item":"https:\/\/periodicodialogo.cl\/wp\/"},{"@type":"ListItem","position":2,"name":"Detectar el TEA de forma oportuna"}]},{"@type":"WebSite","@id":"https:\/\/periodicodialogo.cl\/wp\/#website","url":"https:\/\/periodicodialogo.cl\/wp\/","name":"Di\u00e1logo","description":"Semanario de Cultura y Sociedad","publisher":{"@id":"https:\/\/periodicodialogo.cl\/wp\/#organization"},"potentialAction":[{"@type":"SearchAction","target":{"@type":"EntryPoint","urlTemplate":"https:\/\/periodicodialogo.cl\/wp\/?s={search_term_string}"},"query-input":{"@type":"PropertyValueSpecification","valueRequired":true,"valueName":"search_term_string"}}],"inLanguage":"es-CL"},{"@type":"Organization","@id":"https:\/\/periodicodialogo.cl\/wp\/#organization","name":"Di\u00e1logo","url":"https:\/\/periodicodialogo.cl\/wp\/","logo":{"@type":"ImageObject","inLanguage":"es-CL","@id":"https:\/\/periodicodialogo.cl\/wp\/#\/schema\/logo\/image\/","url":"https:\/\/periodicodialogo.cl\/wp\/wp-content\/uploads\/2024\/10\/cropped-Dialg.png","contentUrl":"https:\/\/periodicodialogo.cl\/wp\/wp-content\/uploads\/2024\/10\/cropped-Dialg.png","width":1667,"height":456,"caption":"Di\u00e1logo"},"image":{"@id":"https:\/\/periodicodialogo.cl\/wp\/#\/schema\/logo\/image\/"}},{"@type":"Person","@id":"https:\/\/periodicodialogo.cl\/wp\/#\/schema\/person\/f3aeee01a16dd118820cfdefdf203e20","name":"Tania Merino","url":"https:\/\/periodicodialogo.cl\/wp\/author\/tania\/"}]}},"jetpack_featured_media_url":"https:\/\/periodicodialogo.cl\/wp\/wp-content\/uploads\/2024\/08\/tea-edited-scaled.jpeg","_links":{"self":[{"href":"https:\/\/periodicodialogo.cl\/wp\/wp-json\/wp\/v2\/posts\/4736"}],"collection":[{"href":"https:\/\/periodicodialogo.cl\/wp\/wp-json\/wp\/v2\/posts"}],"about":[{"href":"https:\/\/periodicodialogo.cl\/wp\/wp-json\/wp\/v2\/types\/post"}],"author":[{"embeddable":true,"href":"https:\/\/periodicodialogo.cl\/wp\/wp-json\/wp\/v2\/users\/19"}],"replies":[{"embeddable":true,"href":"https:\/\/periodicodialogo.cl\/wp\/wp-json\/wp\/v2\/comments?post=4736"}],"version-history":[{"count":2,"href":"https:\/\/periodicodialogo.cl\/wp\/wp-json\/wp\/v2\/posts\/4736\/revisions"}],"predecessor-version":[{"id":4740,"href":"https:\/\/periodicodialogo.cl\/wp\/wp-json\/wp\/v2\/posts\/4736\/revisions\/4740"}],"wp:featuredmedia":[{"embeddable":true,"href":"https:\/\/periodicodialogo.cl\/wp\/wp-json\/wp\/v2\/media\/4738"}],"wp:attachment":[{"href":"https:\/\/periodicodialogo.cl\/wp\/wp-json\/wp\/v2\/media?parent=4736"}],"wp:term":[{"taxonomy":"category","embeddable":true,"href":"https:\/\/periodicodialogo.cl\/wp\/wp-json\/wp\/v2\/categories?post=4736"},{"taxonomy":"post_tag","embeddable":true,"href":"https:\/\/periodicodialogo.cl\/wp\/wp-json\/wp\/v2\/tags?post=4736"}],"curies":[{"name":"wp","href":"https:\/\/api.w.org\/{rel}","templated":true}]}}