{"id":4042,"date":"2023-08-22T16:20:18","date_gmt":"2023-08-22T19:20:18","guid":{"rendered":"https:\/\/periodicodialogo.cl\/wp\/?p=4042"},"modified":"2023-08-22T17:35:46","modified_gmt":"2023-08-22T20:35:46","slug":"sara-cepeda-presidenta-de-la-camara-de-comercio-de-concepcion-mi-desafio-principal-es-ver-a-mis-hijas-realizadas-y-felices","status":"publish","type":"post","link":"https:\/\/periodicodialogo.cl\/wp\/2023\/08\/sara-cepeda-presidenta-de-la-camara-de-comercio-de-concepcion-mi-desafio-principal-es-ver-a-mis-hijas-realizadas-y-felices\/","title":{"rendered":"Sara Cepeda, presidenta de la C\u00e1mara de Comercio de Concepci\u00f3n: \u201cMi desaf\u00edo principal es ver a mis hijas realizadas y felices\u201d"},"content":{"rendered":"\n<figure class=\"wp-block-image size-full\"><img decoding=\"async\" src=\"https:\/\/periodicodialogo.cl\/wp\/wp-content\/uploads\/2023\/08\/Sara-Cepeda-1-edited-scaled.jpg\" alt=\"\" class=\"wp-image-4044\"\/><\/figure>\n\n\n\n<p class=\"has-medium-font-size\"><em><strong>De una familia dedicada al comercio, no s\u00f3lo se ha enfocado en su negocio, una distribuidora de tinturas de peluquer\u00eda, sino tambi\u00e9n ha destinado mucho de su tiempo a la labor gremial como presidenta de la C\u00e1mara de Comercio, Servicios y Turismo de Concepci\u00f3n. Con profunda fe, la religi\u00f3n ha guiado su vida e incluso cuenta que conoci\u00f3 a su marido, Mois\u00e9s Hern\u00e1ndez, en la Iglesia. Son padres de dos mujeres.<\/strong><\/em><\/p>\n\n\n\n<!--more-->\n\n\n\n<hr class=\"wp-block-separator has-alpha-channel-opacity\"\/>\n\n\n\n<p class=\"has-small-font-size\"><strong>Por Cecilia D\u00edaz R.<\/strong><\/p>\n\n\n\n<p><strong>&#8211; Nacida y criada en Concepci\u00f3n, \u00bfqu\u00e9 aspecto de la ciudad de su ni\u00f1ez echa de menos?<\/strong><\/p>\n\n\n\n<p>&#8211; Mi ni\u00f1ez fue vivida sanamente, echo de menos el jugar, tener tiempo para compartir.&nbsp;<\/p>\n\n\n\n<p><strong>&#8211; \u00bfEra una ni\u00f1a tranquila o traviesa?<\/strong><\/p>\n\n\n\n<p>&#8211; Era muy tranquila.<\/p>\n\n\n\n<p><strong>&#8211; \u00bfQu\u00e9 recuerdos tiene de sus a\u00f1os de estudio en el Colegio Bautista?<\/strong><\/p>\n\n\n\n<p>&#8211; Estudi\u00e9 pr\u00e1cticamente toda mi vida en el Colegio Bautista, desde cuarto b\u00e1sico hasta cuarto medio, un colegio con un ambiente cristiano, muy familiar.<\/p>\n\n\n\n<p><strong>&#8211; \u00bfCu\u00e1n relevante ha sido la religi\u00f3n en su vida?<\/strong><\/p>\n\n\n\n<p>&#8211; Es lo principal, soy evang\u00e9lica Bautista y esto me ha permitido ser lo que soy. Dios es el pilar de mi vida.<\/p>\n\n\n\n<p><strong>&#8211; \u00bfSiempre quiso dedicarse al comercio?<\/strong><\/p>\n\n\n\n<p>&#8211; En realidad, despu\u00e9s que me cas\u00e9 y naci\u00f3 mi primera hija, me dediqu\u00e9 al comercio.<\/p>\n\n\n\n<p><strong>&#8211; \u00bfDe qu\u00e9 manera influy\u00f3 su familia en su opci\u00f3n por el comercio?<\/strong><\/p>\n\n\n\n<p>&#8211; En primera instancia fue por la necesidad de tener m\u00e1s tiempo con mi hija, pero despu\u00e9s me enamor\u00e9 de este rubro.<\/p>\n\n\n\n<p><strong>Confianza y respeto<\/strong><\/p>\n\n\n\n<p><strong>&#8211; \u00bfHa sido una madre aprensiva o relajada con sus dos hijas?<\/strong><\/p>\n\n\n\n<p>&#8211; Muy aprensiva.<\/p>\n\n\n\n<p><strong>&#8211; \u00bfCu\u00e1l es la clave para mantener un matrimonio s\u00f3lido y feliz?<\/strong><\/p>\n\n\n\n<p>&#8211; La base es el amor, confianza y el respeto.<\/p>\n\n\n\n<p><strong>&#8211; \u00bfSe arrepiente de algo que haya hecho?<\/strong><\/p>\n\n\n\n<p>&#8211; No, pienso que siempre de los errores sale algo nuevo.<\/p>\n\n\n\n<p><strong>&#8211; \u00bfQu\u00e9 libro es imprescindible en su vida?<\/strong><\/p>\n\n\n\n<p>&#8211; La Biblia.<\/p>\n\n\n\n<p><strong>&#8211; \u00bfLe gusta viajar? \u00bfCu\u00e1l es su destino favorito y con qui\u00e9n?<\/strong><\/p>\n\n\n\n<p>&#8211; Me encanta viajar a la playa o lagos; me gusta viajar con mi familia.<\/p>\n\n\n\n<p><strong>&#8211; Si tiene visitas un domingo a la hora de almuerzo, \u00bfcocina usted o compra comida preparada? \u00bfCon qu\u00e9 los sorprende?<\/strong><\/p>\n\n\n\n<p>&#8211; No soy buena para cocinar, habitualmente me apoyo en mi esposo.<\/p>\n\n\n\n<figure class=\"wp-block-image size-full\"><img decoding=\"async\" src=\"https:\/\/periodicodialogo.cl\/wp\/wp-content\/uploads\/2023\/08\/Sara-Cepeda-3-edited-scaled.jpg\" alt=\"\" class=\"wp-image-4046\"\/><\/figure>\n\n\n\n<p><strong>Fortalezas femeninas<\/strong><\/p>\n\n\n\n<p><strong>&#8211; \u00bfQu\u00e9 herramientas tienen las mujeres para triunfar en el mundo del comercio?<\/strong><\/p>\n\n\n\n<p>&#8211; La perseverancia. Creo que las mujeres tenemos habilidades blandas y podemos crear y realizar muchas cosas a la vez.<\/p>\n\n\n\n<p><strong>&#8211; \u00bfCu\u00e1l es la clave para tener \u00e9xito en el comercio?<\/strong><\/p>\n\n\n\n<p>&#8211; Ser responsable, activa y muy creativa. Hay que aprender a llevar los d\u00edas buenos y tambi\u00e9n los malos.<\/p>\n\n\n\n<p><strong>&#8211; \u00bfQu\u00e9 obst\u00e1culos deben superar las mujeres que se atreven a emprender en Concepci\u00f3n?<\/strong><\/p>\n\n\n\n<p>&#8211; El obst\u00e1culo principal es que, a veces, no se valoran las cualidades que tenemos y se piensa que por ser mujer no podemos hacer muchas cosas.<\/p>\n\n\n\n<p><strong>&#8211; Se ha dedicado por a\u00f1os a la labor gremial. Como mujer, \u00bfqu\u00e9 es lo m\u00e1s complicado de cumplir en esta funci\u00f3n?&nbsp;<\/strong><\/p>\n\n\n\n<p>&#8211; S\u00ed, hace aproximadamente diez a\u00f1os soy mujer gremial. En algunos rubros se cree que la mujer no puede cumplir esta funci\u00f3n, pero a medida que ha ido pasando el tiempo esto ha ido cambiando. Lo principal es la actitud que uno tenga, que sea positiva y constructiva. En lo personal, por ser mujer, no me he sentido discriminada por mis colegas, al contrario, muy apoyada.<\/p>\n\n\n\n<p><strong>&#8211; \u00bfC\u00f3mo se puede mejorar el comercio penquista?<\/strong><\/p>\n\n\n\n<p>&#8211; Con mucho trabajo colaborativo tanto del mundo privado como p\u00fablico.<\/p>\n\n\n\n<p>Se debe trabajar en asociatividad entre todo el comercio para poder sobrellevar estos tiempos.<\/p>\n\n\n\n<p><strong>&#8211; \u00bfEn el \u00e1mbito laboral se lleva mejor con hombres o mujeres? \u00bfPor qu\u00e9?<\/strong><\/p>\n\n\n\n<p>&#8211; Por mi rubro, trabajo con mujeres, pero no tengo problemas con trabajar con hombres.<\/p>\n\n\n\n<p><strong>Poder de la fe<\/strong><\/p>\n\n\n\n<p><strong>&#8211; \u00bfPor qui\u00e9n siente una profunda admiraci\u00f3n?<\/strong><\/p>\n\n\n\n<p>&#8211; Admiro mucho a mi suegro, un hombre intachable, con mucha fe.<\/p>\n\n\n\n<p><strong>&#8211; \u00bfTiene alg\u00fan desaf\u00edo pendiente?<\/strong><\/p>\n\n\n\n<p>&#8211; Desaf\u00edos se van dando a medida que pasa el tiempo, mi desaf\u00edo principal es ver a mis hijas realizadas y felices.<\/p>\n\n\n\n<p><strong>&#8211; \u00bfQu\u00e9 cosas la hacen feliz?<\/strong><\/p>\n\n\n\n<p>&#8211; El estar con mi familia.<\/p>\n\n\n\n<p><strong>&#8211; \u00bfHay alguna situaci\u00f3n que la haya hecho dudar de su fe?<\/strong><\/p>\n\n\n\n<p>&#8211; Pienso que siempre hay un momento en la vida en que decae la fe, pero lo importante es orar y creer para restablecerla.<\/p>\n\n\n\n<p><strong>&#8211; \u00bfCon qu\u00e9 nos encontraremos despu\u00e9s de la muerte?<\/strong><\/p>\n\n\n\n<p>&#8211; Con Dios.<\/p>\n","protected":false},"excerpt":{"rendered":"<p>De una familia dedicada al comercio, no s\u00f3lo se ha enfocado en su negocio, una distribuidora de tinturas de peluquer\u00eda, sino tambi\u00e9n ha destinado mucho de su tiempo a la labor gremial como presidenta de la C\u00e1mara de Comercio, Servicios y Turismo de Concepci\u00f3n. Con profunda fe, la religi\u00f3n ha guiado su vida e incluso [&hellip;]<\/p>\n","protected":false},"author":5,"featured_media":4044,"comment_status":"closed","ping_status":"open","sticky":false,"template":"","format":"standard","meta":{"_acf_changed":false,"sb_editor_width":"","footnotes":""},"categories":[4],"tags":[],"class_list":["post-4042","post","type-post","status-publish","format-standard","has-post-thumbnail","hentry","category-entrevista"],"acf":[],"relative_dates":{"created":"3 a\u00f1os ago","modified":"3 a\u00f1os ago"},"yoast_head":"<!-- This site is optimized with the Yoast SEO plugin v23.8 - https:\/\/yoast.com\/wordpress\/plugins\/seo\/ -->\n<title>Sara Cepeda, presidenta de la C\u00e1mara de Comercio de Concepci\u00f3n: \u201cMi desaf\u00edo principal es ver a mis hijas realizadas y felices\u201d - Di\u00e1logo<\/title>\n<meta name=\"robots\" content=\"index, follow, max-snippet:-1, max-image-preview:large, max-video-preview:-1\" \/>\n<link rel=\"canonical\" href=\"https:\/\/periodicodialogo.cl\/wp\/2023\/08\/sara-cepeda-presidenta-de-la-camara-de-comercio-de-concepcion-mi-desafio-principal-es-ver-a-mis-hijas-realizadas-y-felices\/\" \/>\n<meta property=\"og:locale\" content=\"es_ES\" \/>\n<meta property=\"og:type\" content=\"article\" \/>\n<meta property=\"og:title\" content=\"Sara Cepeda, presidenta de la C\u00e1mara de Comercio de Concepci\u00f3n: \u201cMi desaf\u00edo principal es ver a mis hijas realizadas y felices\u201d - Di\u00e1logo\" \/>\n<meta property=\"og:description\" content=\"De una familia dedicada al comercio, no s\u00f3lo se ha enfocado en su negocio, una distribuidora de tinturas de peluquer\u00eda, sino tambi\u00e9n ha destinado mucho de su tiempo a la labor gremial como presidenta de la C\u00e1mara de Comercio, Servicios y Turismo de Concepci\u00f3n. Con profunda fe, la religi\u00f3n ha guiado su vida e incluso [&hellip;]\" \/>\n<meta property=\"og:url\" content=\"https:\/\/periodicodialogo.cl\/wp\/2023\/08\/sara-cepeda-presidenta-de-la-camara-de-comercio-de-concepcion-mi-desafio-principal-es-ver-a-mis-hijas-realizadas-y-felices\/\" \/>\n<meta property=\"og:site_name\" content=\"Di\u00e1logo\" \/>\n<meta property=\"article:published_time\" content=\"2023-08-22T19:20:18+00:00\" \/>\n<meta property=\"article:modified_time\" content=\"2023-08-22T20:35:46+00:00\" \/>\n<meta property=\"og:image\" content=\"https:\/\/periodicodialogo.cl\/wp\/wp-content\/uploads\/2023\/08\/Sara-Cepeda-1-edited-scaled.jpg\" \/>\n\t<meta property=\"og:image:width\" content=\"2560\" \/>\n\t<meta property=\"og:image:height\" content=\"1440\" \/>\n\t<meta property=\"og:image:type\" content=\"image\/jpeg\" \/>\n<meta name=\"author\" content=\"Cecilia D\u00edaz\" \/>\n<meta name=\"twitter:card\" content=\"summary_large_image\" \/>\n<meta name=\"twitter:label1\" content=\"Escrito por\" \/>\n\t<meta name=\"twitter:data1\" content=\"Cecilia D\u00edaz\" \/>\n\t<meta name=\"twitter:label2\" content=\"Tiempo estimado de lectura\" \/>\n\t<meta name=\"twitter:data2\" content=\"4 minutos\" \/>\n<script type=\"application\/ld+json\" class=\"yoast-schema-graph\">{\"@context\":\"https:\/\/schema.org\",\"@graph\":[{\"@type\":\"Article\",\"@id\":\"https:\/\/periodicodialogo.cl\/wp\/2023\/08\/sara-cepeda-presidenta-de-la-camara-de-comercio-de-concepcion-mi-desafio-principal-es-ver-a-mis-hijas-realizadas-y-felices\/#article\",\"isPartOf\":{\"@id\":\"https:\/\/periodicodialogo.cl\/wp\/2023\/08\/sara-cepeda-presidenta-de-la-camara-de-comercio-de-concepcion-mi-desafio-principal-es-ver-a-mis-hijas-realizadas-y-felices\/\"},\"author\":{\"name\":\"Cecilia D\u00edaz\",\"@id\":\"https:\/\/periodicodialogo.cl\/wp\/#\/schema\/person\/c559d89efb04daedb22cbdac7d8cc93e\"},\"headline\":\"Sara Cepeda, presidenta de la C\u00e1mara de Comercio de Concepci\u00f3n: \u201cMi desaf\u00edo principal es ver a mis hijas realizadas y felices\u201d\",\"datePublished\":\"2023-08-22T19:20:18+00:00\",\"dateModified\":\"2023-08-22T20:35:46+00:00\",\"mainEntityOfPage\":{\"@id\":\"https:\/\/periodicodialogo.cl\/wp\/2023\/08\/sara-cepeda-presidenta-de-la-camara-de-comercio-de-concepcion-mi-desafio-principal-es-ver-a-mis-hijas-realizadas-y-felices\/\"},\"wordCount\":815,\"publisher\":{\"@id\":\"https:\/\/periodicodialogo.cl\/wp\/#organization\"},\"image\":{\"@id\":\"https:\/\/periodicodialogo.cl\/wp\/2023\/08\/sara-cepeda-presidenta-de-la-camara-de-comercio-de-concepcion-mi-desafio-principal-es-ver-a-mis-hijas-realizadas-y-felices\/#primaryimage\"},\"thumbnailUrl\":\"https:\/\/periodicodialogo.cl\/wp\/wp-content\/uploads\/2023\/08\/Sara-Cepeda-1-edited-scaled.jpg\",\"articleSection\":[\"Entrevistas\"],\"inLanguage\":\"es-CL\"},{\"@type\":\"WebPage\",\"@id\":\"https:\/\/periodicodialogo.cl\/wp\/2023\/08\/sara-cepeda-presidenta-de-la-camara-de-comercio-de-concepcion-mi-desafio-principal-es-ver-a-mis-hijas-realizadas-y-felices\/\",\"url\":\"https:\/\/periodicodialogo.cl\/wp\/2023\/08\/sara-cepeda-presidenta-de-la-camara-de-comercio-de-concepcion-mi-desafio-principal-es-ver-a-mis-hijas-realizadas-y-felices\/\",\"name\":\"Sara Cepeda, presidenta de la C\u00e1mara de Comercio de Concepci\u00f3n: \u201cMi desaf\u00edo principal es ver a mis hijas realizadas y felices\u201d - Di\u00e1logo\",\"isPartOf\":{\"@id\":\"https:\/\/periodicodialogo.cl\/wp\/#website\"},\"primaryImageOfPage\":{\"@id\":\"https:\/\/periodicodialogo.cl\/wp\/2023\/08\/sara-cepeda-presidenta-de-la-camara-de-comercio-de-concepcion-mi-desafio-principal-es-ver-a-mis-hijas-realizadas-y-felices\/#primaryimage\"},\"image\":{\"@id\":\"https:\/\/periodicodialogo.cl\/wp\/2023\/08\/sara-cepeda-presidenta-de-la-camara-de-comercio-de-concepcion-mi-desafio-principal-es-ver-a-mis-hijas-realizadas-y-felices\/#primaryimage\"},\"thumbnailUrl\":\"https:\/\/periodicodialogo.cl\/wp\/wp-content\/uploads\/2023\/08\/Sara-Cepeda-1-edited-scaled.jpg\",\"datePublished\":\"2023-08-22T19:20:18+00:00\",\"dateModified\":\"2023-08-22T20:35:46+00:00\",\"breadcrumb\":{\"@id\":\"https:\/\/periodicodialogo.cl\/wp\/2023\/08\/sara-cepeda-presidenta-de-la-camara-de-comercio-de-concepcion-mi-desafio-principal-es-ver-a-mis-hijas-realizadas-y-felices\/#breadcrumb\"},\"inLanguage\":\"es-CL\",\"potentialAction\":[{\"@type\":\"ReadAction\",\"target\":[\"https:\/\/periodicodialogo.cl\/wp\/2023\/08\/sara-cepeda-presidenta-de-la-camara-de-comercio-de-concepcion-mi-desafio-principal-es-ver-a-mis-hijas-realizadas-y-felices\/\"]}]},{\"@type\":\"ImageObject\",\"inLanguage\":\"es-CL\",\"@id\":\"https:\/\/periodicodialogo.cl\/wp\/2023\/08\/sara-cepeda-presidenta-de-la-camara-de-comercio-de-concepcion-mi-desafio-principal-es-ver-a-mis-hijas-realizadas-y-felices\/#primaryimage\",\"url\":\"https:\/\/periodicodialogo.cl\/wp\/wp-content\/uploads\/2023\/08\/Sara-Cepeda-1-edited-scaled.jpg\",\"contentUrl\":\"https:\/\/periodicodialogo.cl\/wp\/wp-content\/uploads\/2023\/08\/Sara-Cepeda-1-edited-scaled.jpg\",\"width\":5472,\"height\":3077},{\"@type\":\"BreadcrumbList\",\"@id\":\"https:\/\/periodicodialogo.cl\/wp\/2023\/08\/sara-cepeda-presidenta-de-la-camara-de-comercio-de-concepcion-mi-desafio-principal-es-ver-a-mis-hijas-realizadas-y-felices\/#breadcrumb\",\"itemListElement\":[{\"@type\":\"ListItem\",\"position\":1,\"name\":\"Portada\",\"item\":\"https:\/\/periodicodialogo.cl\/wp\/\"},{\"@type\":\"ListItem\",\"position\":2,\"name\":\"Sara Cepeda, presidenta de la C\u00e1mara de Comercio de Concepci\u00f3n: \u201cMi desaf\u00edo principal es ver a mis hijas realizadas y felices\u201d\"}]},{\"@type\":\"WebSite\",\"@id\":\"https:\/\/periodicodialogo.cl\/wp\/#website\",\"url\":\"https:\/\/periodicodialogo.cl\/wp\/\",\"name\":\"Di\u00e1logo\",\"description\":\"Semanario de Cultura y Sociedad\",\"publisher\":{\"@id\":\"https:\/\/periodicodialogo.cl\/wp\/#organization\"},\"potentialAction\":[{\"@type\":\"SearchAction\",\"target\":{\"@type\":\"EntryPoint\",\"urlTemplate\":\"https:\/\/periodicodialogo.cl\/wp\/?s={search_term_string}\"},\"query-input\":{\"@type\":\"PropertyValueSpecification\",\"valueRequired\":true,\"valueName\":\"search_term_string\"}}],\"inLanguage\":\"es-CL\"},{\"@type\":\"Organization\",\"@id\":\"https:\/\/periodicodialogo.cl\/wp\/#organization\",\"name\":\"Di\u00e1logo\",\"url\":\"https:\/\/periodicodialogo.cl\/wp\/\",\"logo\":{\"@type\":\"ImageObject\",\"inLanguage\":\"es-CL\",\"@id\":\"https:\/\/periodicodialogo.cl\/wp\/#\/schema\/logo\/image\/\",\"url\":\"https:\/\/periodicodialogo.cl\/wp\/wp-content\/uploads\/2024\/10\/cropped-Dialg.png\",\"contentUrl\":\"https:\/\/periodicodialogo.cl\/wp\/wp-content\/uploads\/2024\/10\/cropped-Dialg.png\",\"width\":1667,\"height\":456,\"caption\":\"Di\u00e1logo\"},\"image\":{\"@id\":\"https:\/\/periodicodialogo.cl\/wp\/#\/schema\/logo\/image\/\"}},{\"@type\":\"Person\",\"@id\":\"https:\/\/periodicodialogo.cl\/wp\/#\/schema\/person\/c559d89efb04daedb22cbdac7d8cc93e\",\"name\":\"Cecilia D\u00edaz\",\"sameAs\":[\"http:\/\/www.periodicodialogo.cl\"],\"url\":\"https:\/\/periodicodialogo.cl\/wp\/author\/ceciliadiaz\/\"}]}<\/script>\n<!-- \/ Yoast SEO plugin. -->","yoast_head_json":{"title":"Sara Cepeda, presidenta de la C\u00e1mara de Comercio de Concepci\u00f3n: \u201cMi desaf\u00edo principal es ver a mis hijas realizadas y felices\u201d - Di\u00e1logo","robots":{"index":"index","follow":"follow","max-snippet":"max-snippet:-1","max-image-preview":"max-image-preview:large","max-video-preview":"max-video-preview:-1"},"canonical":"https:\/\/periodicodialogo.cl\/wp\/2023\/08\/sara-cepeda-presidenta-de-la-camara-de-comercio-de-concepcion-mi-desafio-principal-es-ver-a-mis-hijas-realizadas-y-felices\/","og_locale":"es_ES","og_type":"article","og_title":"Sara Cepeda, presidenta de la C\u00e1mara de Comercio de Concepci\u00f3n: \u201cMi desaf\u00edo principal es ver a mis hijas realizadas y felices\u201d - Di\u00e1logo","og_description":"De una familia dedicada al comercio, no s\u00f3lo se ha enfocado en su negocio, una distribuidora de tinturas de peluquer\u00eda, sino tambi\u00e9n ha destinado mucho de su tiempo a la labor gremial como presidenta de la C\u00e1mara de Comercio, Servicios y Turismo de Concepci\u00f3n. Con profunda fe, la religi\u00f3n ha guiado su vida e incluso [&hellip;]","og_url":"https:\/\/periodicodialogo.cl\/wp\/2023\/08\/sara-cepeda-presidenta-de-la-camara-de-comercio-de-concepcion-mi-desafio-principal-es-ver-a-mis-hijas-realizadas-y-felices\/","og_site_name":"Di\u00e1logo","article_published_time":"2023-08-22T19:20:18+00:00","article_modified_time":"2023-08-22T20:35:46+00:00","og_image":[{"width":2560,"height":1440,"url":"https:\/\/periodicodialogo.cl\/wp\/wp-content\/uploads\/2023\/08\/Sara-Cepeda-1-edited-scaled.jpg","type":"image\/jpeg"}],"author":"Cecilia D\u00edaz","twitter_card":"summary_large_image","twitter_misc":{"Escrito por":"Cecilia D\u00edaz","Tiempo estimado de lectura":"4 minutos"},"schema":{"@context":"https:\/\/schema.org","@graph":[{"@type":"Article","@id":"https:\/\/periodicodialogo.cl\/wp\/2023\/08\/sara-cepeda-presidenta-de-la-camara-de-comercio-de-concepcion-mi-desafio-principal-es-ver-a-mis-hijas-realizadas-y-felices\/#article","isPartOf":{"@id":"https:\/\/periodicodialogo.cl\/wp\/2023\/08\/sara-cepeda-presidenta-de-la-camara-de-comercio-de-concepcion-mi-desafio-principal-es-ver-a-mis-hijas-realizadas-y-felices\/"},"author":{"name":"Cecilia D\u00edaz","@id":"https:\/\/periodicodialogo.cl\/wp\/#\/schema\/person\/c559d89efb04daedb22cbdac7d8cc93e"},"headline":"Sara Cepeda, presidenta de la C\u00e1mara de Comercio de Concepci\u00f3n: \u201cMi desaf\u00edo principal es ver a mis hijas realizadas y felices\u201d","datePublished":"2023-08-22T19:20:18+00:00","dateModified":"2023-08-22T20:35:46+00:00","mainEntityOfPage":{"@id":"https:\/\/periodicodialogo.cl\/wp\/2023\/08\/sara-cepeda-presidenta-de-la-camara-de-comercio-de-concepcion-mi-desafio-principal-es-ver-a-mis-hijas-realizadas-y-felices\/"},"wordCount":815,"publisher":{"@id":"https:\/\/periodicodialogo.cl\/wp\/#organization"},"image":{"@id":"https:\/\/periodicodialogo.cl\/wp\/2023\/08\/sara-cepeda-presidenta-de-la-camara-de-comercio-de-concepcion-mi-desafio-principal-es-ver-a-mis-hijas-realizadas-y-felices\/#primaryimage"},"thumbnailUrl":"https:\/\/periodicodialogo.cl\/wp\/wp-content\/uploads\/2023\/08\/Sara-Cepeda-1-edited-scaled.jpg","articleSection":["Entrevistas"],"inLanguage":"es-CL"},{"@type":"WebPage","@id":"https:\/\/periodicodialogo.cl\/wp\/2023\/08\/sara-cepeda-presidenta-de-la-camara-de-comercio-de-concepcion-mi-desafio-principal-es-ver-a-mis-hijas-realizadas-y-felices\/","url":"https:\/\/periodicodialogo.cl\/wp\/2023\/08\/sara-cepeda-presidenta-de-la-camara-de-comercio-de-concepcion-mi-desafio-principal-es-ver-a-mis-hijas-realizadas-y-felices\/","name":"Sara Cepeda, presidenta de la C\u00e1mara de Comercio de Concepci\u00f3n: \u201cMi desaf\u00edo principal es ver a mis hijas realizadas y felices\u201d - Di\u00e1logo","isPartOf":{"@id":"https:\/\/periodicodialogo.cl\/wp\/#website"},"primaryImageOfPage":{"@id":"https:\/\/periodicodialogo.cl\/wp\/2023\/08\/sara-cepeda-presidenta-de-la-camara-de-comercio-de-concepcion-mi-desafio-principal-es-ver-a-mis-hijas-realizadas-y-felices\/#primaryimage"},"image":{"@id":"https:\/\/periodicodialogo.cl\/wp\/2023\/08\/sara-cepeda-presidenta-de-la-camara-de-comercio-de-concepcion-mi-desafio-principal-es-ver-a-mis-hijas-realizadas-y-felices\/#primaryimage"},"thumbnailUrl":"https:\/\/periodicodialogo.cl\/wp\/wp-content\/uploads\/2023\/08\/Sara-Cepeda-1-edited-scaled.jpg","datePublished":"2023-08-22T19:20:18+00:00","dateModified":"2023-08-22T20:35:46+00:00","breadcrumb":{"@id":"https:\/\/periodicodialogo.cl\/wp\/2023\/08\/sara-cepeda-presidenta-de-la-camara-de-comercio-de-concepcion-mi-desafio-principal-es-ver-a-mis-hijas-realizadas-y-felices\/#breadcrumb"},"inLanguage":"es-CL","potentialAction":[{"@type":"ReadAction","target":["https:\/\/periodicodialogo.cl\/wp\/2023\/08\/sara-cepeda-presidenta-de-la-camara-de-comercio-de-concepcion-mi-desafio-principal-es-ver-a-mis-hijas-realizadas-y-felices\/"]}]},{"@type":"ImageObject","inLanguage":"es-CL","@id":"https:\/\/periodicodialogo.cl\/wp\/2023\/08\/sara-cepeda-presidenta-de-la-camara-de-comercio-de-concepcion-mi-desafio-principal-es-ver-a-mis-hijas-realizadas-y-felices\/#primaryimage","url":"https:\/\/periodicodialogo.cl\/wp\/wp-content\/uploads\/2023\/08\/Sara-Cepeda-1-edited-scaled.jpg","contentUrl":"https:\/\/periodicodialogo.cl\/wp\/wp-content\/uploads\/2023\/08\/Sara-Cepeda-1-edited-scaled.jpg","width":5472,"height":3077},{"@type":"BreadcrumbList","@id":"https:\/\/periodicodialogo.cl\/wp\/2023\/08\/sara-cepeda-presidenta-de-la-camara-de-comercio-de-concepcion-mi-desafio-principal-es-ver-a-mis-hijas-realizadas-y-felices\/#breadcrumb","itemListElement":[{"@type":"ListItem","position":1,"name":"Portada","item":"https:\/\/periodicodialogo.cl\/wp\/"},{"@type":"ListItem","position":2,"name":"Sara Cepeda, presidenta de la C\u00e1mara de Comercio de Concepci\u00f3n: \u201cMi desaf\u00edo principal es ver a mis hijas realizadas y felices\u201d"}]},{"@type":"WebSite","@id":"https:\/\/periodicodialogo.cl\/wp\/#website","url":"https:\/\/periodicodialogo.cl\/wp\/","name":"Di\u00e1logo","description":"Semanario de Cultura y Sociedad","publisher":{"@id":"https:\/\/periodicodialogo.cl\/wp\/#organization"},"potentialAction":[{"@type":"SearchAction","target":{"@type":"EntryPoint","urlTemplate":"https:\/\/periodicodialogo.cl\/wp\/?s={search_term_string}"},"query-input":{"@type":"PropertyValueSpecification","valueRequired":true,"valueName":"search_term_string"}}],"inLanguage":"es-CL"},{"@type":"Organization","@id":"https:\/\/periodicodialogo.cl\/wp\/#organization","name":"Di\u00e1logo","url":"https:\/\/periodicodialogo.cl\/wp\/","logo":{"@type":"ImageObject","inLanguage":"es-CL","@id":"https:\/\/periodicodialogo.cl\/wp\/#\/schema\/logo\/image\/","url":"https:\/\/periodicodialogo.cl\/wp\/wp-content\/uploads\/2024\/10\/cropped-Dialg.png","contentUrl":"https:\/\/periodicodialogo.cl\/wp\/wp-content\/uploads\/2024\/10\/cropped-Dialg.png","width":1667,"height":456,"caption":"Di\u00e1logo"},"image":{"@id":"https:\/\/periodicodialogo.cl\/wp\/#\/schema\/logo\/image\/"}},{"@type":"Person","@id":"https:\/\/periodicodialogo.cl\/wp\/#\/schema\/person\/c559d89efb04daedb22cbdac7d8cc93e","name":"Cecilia D\u00edaz","sameAs":["http:\/\/www.periodicodialogo.cl"],"url":"https:\/\/periodicodialogo.cl\/wp\/author\/ceciliadiaz\/"}]}},"jetpack_featured_media_url":"https:\/\/periodicodialogo.cl\/wp\/wp-content\/uploads\/2023\/08\/Sara-Cepeda-1-edited-scaled.jpg","_links":{"self":[{"href":"https:\/\/periodicodialogo.cl\/wp\/wp-json\/wp\/v2\/posts\/4042"}],"collection":[{"href":"https:\/\/periodicodialogo.cl\/wp\/wp-json\/wp\/v2\/posts"}],"about":[{"href":"https:\/\/periodicodialogo.cl\/wp\/wp-json\/wp\/v2\/types\/post"}],"author":[{"embeddable":true,"href":"https:\/\/periodicodialogo.cl\/wp\/wp-json\/wp\/v2\/users\/5"}],"replies":[{"embeddable":true,"href":"https:\/\/periodicodialogo.cl\/wp\/wp-json\/wp\/v2\/comments?post=4042"}],"version-history":[{"count":1,"href":"https:\/\/periodicodialogo.cl\/wp\/wp-json\/wp\/v2\/posts\/4042\/revisions"}],"predecessor-version":[{"id":4047,"href":"https:\/\/periodicodialogo.cl\/wp\/wp-json\/wp\/v2\/posts\/4042\/revisions\/4047"}],"wp:featuredmedia":[{"embeddable":true,"href":"https:\/\/periodicodialogo.cl\/wp\/wp-json\/wp\/v2\/media\/4044"}],"wp:attachment":[{"href":"https:\/\/periodicodialogo.cl\/wp\/wp-json\/wp\/v2\/media?parent=4042"}],"wp:term":[{"taxonomy":"category","embeddable":true,"href":"https:\/\/periodicodialogo.cl\/wp\/wp-json\/wp\/v2\/categories?post=4042"},{"taxonomy":"post_tag","embeddable":true,"href":"https:\/\/periodicodialogo.cl\/wp\/wp-json\/wp\/v2\/tags?post=4042"}],"curies":[{"name":"wp","href":"https:\/\/api.w.org\/{rel}","templated":true}]}}