{"id":3954,"date":"2023-07-23T06:01:00","date_gmt":"2023-07-23T09:01:00","guid":{"rendered":"https:\/\/periodicodialogo.cl\/wp\/?p=3954"},"modified":"2024-10-28T13:54:39","modified_gmt":"2024-10-28T16:54:39","slug":"analia-fernandez-canales-esgrimista-tenemos-poco-apoyo-las-madres-deportistas-en-chile","status":"publish","type":"post","link":"https:\/\/periodicodialogo.cl\/wp\/2023\/07\/analia-fernandez-canales-esgrimista-tenemos-poco-apoyo-las-madres-deportistas-en-chile\/","title":{"rendered":"Anal\u00eda Fern\u00e1ndez Canales, esgrimista: <strong>\u201cTenemos poco apoyo las madres deportistas en Chile\u201d<\/strong>"},"content":{"rendered":"\n<figure class=\"wp-block-image size-full\"><img decoding=\"async\" src=\"https:\/\/periodicodialogo.cl\/wp\/wp-content\/uploads\/2023\/07\/Analia-Fernandez-3-edited-scaled.jpg\" alt=\"\" class=\"wp-image-3956\"\/><\/figure>\n\n\n\n<p class=\"has-medium-font-size\"><strong><em>Hija de atleta, tiene tres hermanos, dos hombres seleccionados de rugby y una mujer que practica esgrima. Ella pretende fomentar esta disciplina en Concepci\u00f3n y continuar mejorando su desempe\u00f1o, labor que debe complementar con su rol de madre de Ignacio, de 1 a\u00f1o y 10<\/em> <em>meses. &nbsp;<\/em><\/strong><\/p>\n\n\n\n<!--more-->\n\n\n\n<hr class=\"wp-block-separator has-alpha-channel-opacity\"\/>\n\n\n\n<p class=\"has-small-font-size\"><strong>Por Cecilia D\u00edaz R.<\/strong><\/p>\n\n\n\n<p><strong>&#8211; De ni\u00f1a, \u00bftuviste alg\u00fan h\u00e9roe o hero\u00edna?<\/strong><\/p>\n\n\n\n<p>&#8211; Mi mam\u00e1, siempre ha sido mi hero\u00edna, a pesar de las diferencias que podamos tener, est\u00e1 ah\u00ed para m\u00ed cada vez que la necesito.<\/p>\n\n\n\n<p><strong>&#8211; Al pensar en tu etapa de colegio, \u00bfcu\u00e1l es el primer recuerdo que surge?<\/strong><\/p>\n\n\n\n<p>&#8211; P\u00e9simos recuerdos jajaja, odiaba el colegio, me iba bien en cuanto a notas, pero no ten\u00eda muchos amigos, me hac\u00edan bullying por ser muy alta.<\/p>\n\n\n\n<p><strong>&#8211; Con una madre atleta y tres hermanos seleccionados en sus respectivas disciplinas, \u00bfel deporte ha sido una opci\u00f3n o una exigencia?<\/strong><\/p>\n\n\n\n<p>&#8211; De peque\u00f1a me inculcaron el deporte, me encantaba entrenar y competir. Fue nuestro m\u00e9todo de superaci\u00f3n como familia, nos abri\u00f3 muchas puertas y oportunidades.<\/p>\n\n\n\n<p><strong>&#8211; \u00bfEras buena alumna en el colegio?<\/strong><\/p>\n\n\n\n<p>&#8211; Ten\u00eda buenas notas, pero fui poco al colegio, entrenaba todo el d\u00eda.<\/p>\n\n\n\n<p><strong>&#8211; \u00bfPor qu\u00e9 dejaste el patinaje y la gimnasia art\u00edstica?<\/strong><\/p>\n\n\n\n<p>&#8211; La gimnasia y el patinaje eran mi pasi\u00f3n, a\u00fan lo son.&nbsp; Pero un d\u00eda prob\u00e9 esgrima y me empez\u00f3 a ir muy, muy bien. Y no dejaron que me fuera ajajaj.<\/p>\n\n\n\n<p><strong>&#8211; \u00bfQu\u00e9 hecho marc\u00f3 tu decisi\u00f3n de dedicarte a la esgrima?<\/strong><\/p>\n\n\n\n<p>&#8211; Viajar por todo el mundo y tener mi primer sueldo a los 13 a\u00f1os. Fueron las principales razones para <\/p>\n\n\n\n<p>seguir.<\/p>\n\n\n\n<figure class=\"wp-block-pullquote\"><blockquote><p>&#8220;Al principio era muy dif\u00edcil, no ten\u00eda d\u00f3nde dejar a mi hijo para poder entrenar, y lo llevaba conmigo&#8221;<\/p><\/blockquote><\/figure>\n\n\n\n<p><strong>&#8211; \u00bfQu\u00e9 caracter\u00edstica debe tener aquel que se dedique a la esgrima?<\/strong><\/p>\n\n\n\n<p>&#8211; S\u00ed o s\u00ed ser constante, disciplinado, esforzado y, sobre todo, amar el deporte, la parte f\u00edsica se va formando en el camino y cualquiera puede ser esgrimista. Esas reglas cuentan para cualquier deporte.<\/p>\n\n\n\n<p><strong>&#8211; \u00bfCu\u00e1l ha sido el triunfo m\u00e1s significativo en tu carrera?<\/strong><\/p>\n\n\n\n<p>&#8211; Bronce en los Juegos Sudamericanos por equipos (2018), nuestro equipo era nuevo y joven, no nos ten\u00edan fe. Hasta el d\u00eda de hoy lo recordamos y celebramos.<\/p>\n\n\n\n<p><strong>&#8211; \u00bfAdmiras a alg\u00fan deportista? \u00bfA qui\u00e9n y por qu\u00e9?<\/strong><\/p>\n\n\n\n<p>&#8211; Admiro a varios, la mayor\u00eda son mis amigos. Conozco todo el esfuerzo y dedicaci\u00f3n que hay detr\u00e1s de cada uno, y compartir nuestros triunfos y derrotas nos ha acercado a\u00fan m\u00e1s.<\/p>\n\n\n\n<p><strong>&#8211; \u00bfTienes alguna c\u00e1bala? \u00bfCu\u00e1l?<\/strong><\/p>\n\n\n\n<p>&#8211; Mi c\u00e1bala \u00faltimamente ha sido delinearme los ojos en las competencias, siempre me hago un dise\u00f1o distinto, formas, colores, mucho brillo, me hace sentir poderosa jajaja y linda. No s\u00e9 qu\u00e9 tiene mi piel que me mantiene el maquillaje intacto toda la competencia.<\/p>\n\n\n\n<figure class=\"wp-block-image size-full\"><img decoding=\"async\" src=\"https:\/\/periodicodialogo.cl\/wp\/wp-content\/uploads\/2023\/07\/Analia-Fernandez-7-edited-scaled.jpg\" alt=\"\" class=\"wp-image-3958\"\/><\/figure>\n\n\n\n<p><strong>Entrenar y entrenar<\/strong><\/p>\n\n\n\n<p><strong>&#8211; \u00bfSientes que la maternidad ha limitado tu desarrollo deportivo?<\/strong><\/p>\n\n\n\n<p>&#8211; Al principio era muy dif\u00edcil, no ten\u00eda d\u00f3nde dejar a mi hijo para poder entrenar, y lo llevaba conmigo. Entrenaba apenas porque \u00e9l lloraba. Ahora est\u00e1 m\u00e1s grande, se queda con el pap\u00e1 y mi suegra. Tenemos poco apoyo las madres deportistas en Chile.<\/p>\n\n\n\n<p><strong>&#8211; \u00bfQu\u00e9 cr\u00edtica te ha generado mayor dolor?<\/strong><\/p>\n\n\n\n<p>&#8211; Me traum\u00f3 el que me dijeran que estaba con sobrepeso, ten\u00eda 17 a\u00f1os, desde ah\u00ed siempre lucho con la comida.<\/p>\n\n\n\n<p><strong>&#8211; \u00bfQu\u00e9 situaciones te frustran?<\/strong><\/p>\n\n\n\n<p>&#8211; Que las cosas no salgan como quiero, me frustra y me estresa.<\/p>\n\n\n\n<p><strong>&#8211; \u00bfCu\u00e1l ha sido tu mayor fracaso en el deporte?<\/strong><\/p>\n\n\n\n<p>&#8211; Perder una competencia no lo veo como fracaso, de todas saco algo positivo. As\u00ed no sufro tanto.<\/p>\n\n\n\n<p><strong>&#8211; \u00bfSientes que has sacrificado aspectos personales por dedicarte al deporte?<\/strong><\/p>\n\n\n\n<p>&#8211; Totalmente, uno deja de ir a fiestas, cumplea\u00f1os, reuniones familiares, etc. no hay tiempo para nada, solo entrenar, entrenar y entrenar<\/p>\n\n\n\n<p><strong>Fuerte car\u00e1cter<\/strong><\/p>\n\n\n\n<p><strong>&#8211; \u00bfTienes alg\u00fan pasatiempo?<\/strong><\/p>\n\n\n\n<p>&#8211; En este momento nada, mis tiempos libres son para estar con mi hijo.<\/p>\n\n\n\n<p><strong>&#8211; \u00bfQu\u00e9 tipo de m\u00fasica prefieres?<\/strong><\/p>\n\n\n\n<p>&#8211; Reggaeton todo el rato.<\/p>\n\n\n\n<p><strong>&#8211; \u00bfQu\u00e9 literatura te gusta?<\/strong><\/p>\n\n\n\n<p>&#8211; No leo mucho, la verdad, pero me gustan las novelas rom\u00e1nticas.<\/p>\n\n\n\n<p><strong>&#8211; \u00bfAlg\u00fan viaje inolvidable que hayas hecho? \u00bfD\u00f3nde y con qui\u00e9n?<\/strong><\/p>\n\n\n\n<p>&#8211; Mi primer campeonato mundial, viaj\u00e9 sola con 13 a\u00f1os a Uzbekistan, hice amigos incre\u00edbles de otros pa\u00edses.<\/p>\n\n\n\n<p><strong>&#8211; \u00bfC\u00f3mo definir\u00edas tu car\u00e1cter?<\/strong><\/p>\n\n\n\n<p>&#8211; Uy, tengo un car\u00e1cter fuerte, he aprendido a no dejar que me pasen a llevar, no aguanto. Pero tambi\u00e9n soy muy cari\u00f1osa y divertida.<\/p>\n\n\n\n<p><strong>&#8211; \u00bfC\u00f3mo te proyectas en 20 a\u00f1os m\u00e1s?<\/strong><\/p>\n\n\n\n<p>&#8211; Me proyecto con mi casa propia, disfrutando a mi familia.<\/p>\n\n\n\n<p><strong>&#8211; \u00bfCu\u00e1l es hoy tu m\u00e1ximo sue\u00f1o?<\/strong><\/p>\n\n\n\n<p>&#8211; Clasificar a un juego ol\u00edmpico.<\/p>\n","protected":false},"excerpt":{"rendered":"<p>Hija de atleta, tiene tres hermanos, dos hombres seleccionados de rugby y una mujer que practica esgrima. Ella pretende fomentar esta disciplina en Concepci\u00f3n y continuar mejorando su desempe\u00f1o, labor que debe complementar con su rol de madre de Ignacio, de 1 a\u00f1o y 10 meses. &nbsp;<\/p>\n","protected":false},"author":5,"featured_media":3956,"comment_status":"closed","ping_status":"open","sticky":false,"template":"","format":"standard","meta":{"_acf_changed":false,"sb_editor_width":"","footnotes":""},"categories":[4],"tags":[],"class_list":["post-3954","post","type-post","status-publish","format-standard","has-post-thumbnail","hentry","category-entrevista"],"acf":[],"relative_dates":{"created":"3 a\u00f1os ago","modified":"2 a\u00f1os ago"},"yoast_head":"<!-- This site is optimized with the Yoast SEO plugin v23.8 - https:\/\/yoast.com\/wordpress\/plugins\/seo\/ -->\n<title>Anal\u00eda Fern\u00e1ndez Canales, esgrimista: \u201cTenemos poco apoyo las madres deportistas en Chile\u201d - Di\u00e1logo<\/title>\n<meta name=\"robots\" content=\"index, follow, max-snippet:-1, max-image-preview:large, max-video-preview:-1\" \/>\n<link rel=\"canonical\" href=\"https:\/\/periodicodialogo.cl\/wp\/2023\/07\/analia-fernandez-canales-esgrimista-tenemos-poco-apoyo-las-madres-deportistas-en-chile\/\" \/>\n<meta property=\"og:locale\" content=\"es_ES\" \/>\n<meta property=\"og:type\" content=\"article\" \/>\n<meta property=\"og:title\" content=\"Anal\u00eda Fern\u00e1ndez Canales, esgrimista: \u201cTenemos poco apoyo las madres deportistas en Chile\u201d - Di\u00e1logo\" \/>\n<meta property=\"og:description\" content=\"Hija de atleta, tiene tres hermanos, dos hombres seleccionados de rugby y una mujer que practica esgrima. Ella pretende fomentar esta disciplina en Concepci\u00f3n y continuar mejorando su desempe\u00f1o, labor que debe complementar con su rol de madre de Ignacio, de 1 a\u00f1o y 10 meses. &nbsp;\" \/>\n<meta property=\"og:url\" content=\"https:\/\/periodicodialogo.cl\/wp\/2023\/07\/analia-fernandez-canales-esgrimista-tenemos-poco-apoyo-las-madres-deportistas-en-chile\/\" \/>\n<meta property=\"og:site_name\" content=\"Di\u00e1logo\" \/>\n<meta property=\"article:published_time\" content=\"2023-07-23T09:01:00+00:00\" \/>\n<meta property=\"article:modified_time\" content=\"2024-10-28T16:54:39+00:00\" \/>\n<meta property=\"og:image\" content=\"https:\/\/periodicodialogo.cl\/wp\/wp-content\/uploads\/2023\/07\/Analia-Fernandez-3-edited-scaled.jpg\" \/>\n\t<meta property=\"og:image:width\" content=\"2560\" \/>\n\t<meta property=\"og:image:height\" content=\"1440\" \/>\n\t<meta property=\"og:image:type\" content=\"image\/jpeg\" \/>\n<meta name=\"author\" content=\"Cecilia D\u00edaz\" \/>\n<meta name=\"twitter:card\" content=\"summary_large_image\" \/>\n<meta name=\"twitter:label1\" content=\"Escrito por\" \/>\n\t<meta name=\"twitter:data1\" content=\"Cecilia D\u00edaz\" \/>\n\t<meta name=\"twitter:label2\" content=\"Tiempo estimado de lectura\" \/>\n\t<meta name=\"twitter:data2\" content=\"4 minutos\" \/>\n<script type=\"application\/ld+json\" class=\"yoast-schema-graph\">{\"@context\":\"https:\/\/schema.org\",\"@graph\":[{\"@type\":\"Article\",\"@id\":\"https:\/\/periodicodialogo.cl\/wp\/2023\/07\/analia-fernandez-canales-esgrimista-tenemos-poco-apoyo-las-madres-deportistas-en-chile\/#article\",\"isPartOf\":{\"@id\":\"https:\/\/periodicodialogo.cl\/wp\/2023\/07\/analia-fernandez-canales-esgrimista-tenemos-poco-apoyo-las-madres-deportistas-en-chile\/\"},\"author\":{\"name\":\"Cecilia D\u00edaz\",\"@id\":\"https:\/\/periodicodialogo.cl\/wp\/#\/schema\/person\/c559d89efb04daedb22cbdac7d8cc93e\"},\"headline\":\"Anal\u00eda Fern\u00e1ndez Canales, esgrimista: \u201cTenemos poco apoyo las madres deportistas en Chile\u201d\",\"datePublished\":\"2023-07-23T09:01:00+00:00\",\"dateModified\":\"2024-10-28T16:54:39+00:00\",\"mainEntityOfPage\":{\"@id\":\"https:\/\/periodicodialogo.cl\/wp\/2023\/07\/analia-fernandez-canales-esgrimista-tenemos-poco-apoyo-las-madres-deportistas-en-chile\/\"},\"wordCount\":851,\"publisher\":{\"@id\":\"https:\/\/periodicodialogo.cl\/wp\/#organization\"},\"image\":{\"@id\":\"https:\/\/periodicodialogo.cl\/wp\/2023\/07\/analia-fernandez-canales-esgrimista-tenemos-poco-apoyo-las-madres-deportistas-en-chile\/#primaryimage\"},\"thumbnailUrl\":\"https:\/\/periodicodialogo.cl\/wp\/wp-content\/uploads\/2023\/07\/Analia-Fernandez-3-edited-scaled.jpg\",\"articleSection\":[\"Entrevistas\"],\"inLanguage\":\"es-CL\"},{\"@type\":\"WebPage\",\"@id\":\"https:\/\/periodicodialogo.cl\/wp\/2023\/07\/analia-fernandez-canales-esgrimista-tenemos-poco-apoyo-las-madres-deportistas-en-chile\/\",\"url\":\"https:\/\/periodicodialogo.cl\/wp\/2023\/07\/analia-fernandez-canales-esgrimista-tenemos-poco-apoyo-las-madres-deportistas-en-chile\/\",\"name\":\"Anal\u00eda Fern\u00e1ndez Canales, esgrimista: \u201cTenemos poco apoyo las madres deportistas en Chile\u201d - Di\u00e1logo\",\"isPartOf\":{\"@id\":\"https:\/\/periodicodialogo.cl\/wp\/#website\"},\"primaryImageOfPage\":{\"@id\":\"https:\/\/periodicodialogo.cl\/wp\/2023\/07\/analia-fernandez-canales-esgrimista-tenemos-poco-apoyo-las-madres-deportistas-en-chile\/#primaryimage\"},\"image\":{\"@id\":\"https:\/\/periodicodialogo.cl\/wp\/2023\/07\/analia-fernandez-canales-esgrimista-tenemos-poco-apoyo-las-madres-deportistas-en-chile\/#primaryimage\"},\"thumbnailUrl\":\"https:\/\/periodicodialogo.cl\/wp\/wp-content\/uploads\/2023\/07\/Analia-Fernandez-3-edited-scaled.jpg\",\"datePublished\":\"2023-07-23T09:01:00+00:00\",\"dateModified\":\"2024-10-28T16:54:39+00:00\",\"breadcrumb\":{\"@id\":\"https:\/\/periodicodialogo.cl\/wp\/2023\/07\/analia-fernandez-canales-esgrimista-tenemos-poco-apoyo-las-madres-deportistas-en-chile\/#breadcrumb\"},\"inLanguage\":\"es-CL\",\"potentialAction\":[{\"@type\":\"ReadAction\",\"target\":[\"https:\/\/periodicodialogo.cl\/wp\/2023\/07\/analia-fernandez-canales-esgrimista-tenemos-poco-apoyo-las-madres-deportistas-en-chile\/\"]}]},{\"@type\":\"ImageObject\",\"inLanguage\":\"es-CL\",\"@id\":\"https:\/\/periodicodialogo.cl\/wp\/2023\/07\/analia-fernandez-canales-esgrimista-tenemos-poco-apoyo-las-madres-deportistas-en-chile\/#primaryimage\",\"url\":\"https:\/\/periodicodialogo.cl\/wp\/wp-content\/uploads\/2023\/07\/Analia-Fernandez-3-edited-scaled.jpg\",\"contentUrl\":\"https:\/\/periodicodialogo.cl\/wp\/wp-content\/uploads\/2023\/07\/Analia-Fernandez-3-edited-scaled.jpg\",\"width\":3648,\"height\":2052},{\"@type\":\"BreadcrumbList\",\"@id\":\"https:\/\/periodicodialogo.cl\/wp\/2023\/07\/analia-fernandez-canales-esgrimista-tenemos-poco-apoyo-las-madres-deportistas-en-chile\/#breadcrumb\",\"itemListElement\":[{\"@type\":\"ListItem\",\"position\":1,\"name\":\"Portada\",\"item\":\"https:\/\/periodicodialogo.cl\/wp\/\"},{\"@type\":\"ListItem\",\"position\":2,\"name\":\"Anal\u00eda Fern\u00e1ndez Canales, esgrimista: \u201cTenemos poco apoyo las madres deportistas en Chile\u201d\"}]},{\"@type\":\"WebSite\",\"@id\":\"https:\/\/periodicodialogo.cl\/wp\/#website\",\"url\":\"https:\/\/periodicodialogo.cl\/wp\/\",\"name\":\"Di\u00e1logo\",\"description\":\"Semanario de Cultura y Sociedad\",\"publisher\":{\"@id\":\"https:\/\/periodicodialogo.cl\/wp\/#organization\"},\"potentialAction\":[{\"@type\":\"SearchAction\",\"target\":{\"@type\":\"EntryPoint\",\"urlTemplate\":\"https:\/\/periodicodialogo.cl\/wp\/?s={search_term_string}\"},\"query-input\":{\"@type\":\"PropertyValueSpecification\",\"valueRequired\":true,\"valueName\":\"search_term_string\"}}],\"inLanguage\":\"es-CL\"},{\"@type\":\"Organization\",\"@id\":\"https:\/\/periodicodialogo.cl\/wp\/#organization\",\"name\":\"Di\u00e1logo\",\"url\":\"https:\/\/periodicodialogo.cl\/wp\/\",\"logo\":{\"@type\":\"ImageObject\",\"inLanguage\":\"es-CL\",\"@id\":\"https:\/\/periodicodialogo.cl\/wp\/#\/schema\/logo\/image\/\",\"url\":\"https:\/\/periodicodialogo.cl\/wp\/wp-content\/uploads\/2024\/10\/cropped-Dialg.png\",\"contentUrl\":\"https:\/\/periodicodialogo.cl\/wp\/wp-content\/uploads\/2024\/10\/cropped-Dialg.png\",\"width\":1667,\"height\":456,\"caption\":\"Di\u00e1logo\"},\"image\":{\"@id\":\"https:\/\/periodicodialogo.cl\/wp\/#\/schema\/logo\/image\/\"}},{\"@type\":\"Person\",\"@id\":\"https:\/\/periodicodialogo.cl\/wp\/#\/schema\/person\/c559d89efb04daedb22cbdac7d8cc93e\",\"name\":\"Cecilia D\u00edaz\",\"sameAs\":[\"http:\/\/www.periodicodialogo.cl\"],\"url\":\"https:\/\/periodicodialogo.cl\/wp\/author\/ceciliadiaz\/\"}]}<\/script>\n<!-- \/ Yoast SEO plugin. -->","yoast_head_json":{"title":"Anal\u00eda Fern\u00e1ndez Canales, esgrimista: \u201cTenemos poco apoyo las madres deportistas en Chile\u201d - Di\u00e1logo","robots":{"index":"index","follow":"follow","max-snippet":"max-snippet:-1","max-image-preview":"max-image-preview:large","max-video-preview":"max-video-preview:-1"},"canonical":"https:\/\/periodicodialogo.cl\/wp\/2023\/07\/analia-fernandez-canales-esgrimista-tenemos-poco-apoyo-las-madres-deportistas-en-chile\/","og_locale":"es_ES","og_type":"article","og_title":"Anal\u00eda Fern\u00e1ndez Canales, esgrimista: \u201cTenemos poco apoyo las madres deportistas en Chile\u201d - Di\u00e1logo","og_description":"Hija de atleta, tiene tres hermanos, dos hombres seleccionados de rugby y una mujer que practica esgrima. Ella pretende fomentar esta disciplina en Concepci\u00f3n y continuar mejorando su desempe\u00f1o, labor que debe complementar con su rol de madre de Ignacio, de 1 a\u00f1o y 10 meses. &nbsp;","og_url":"https:\/\/periodicodialogo.cl\/wp\/2023\/07\/analia-fernandez-canales-esgrimista-tenemos-poco-apoyo-las-madres-deportistas-en-chile\/","og_site_name":"Di\u00e1logo","article_published_time":"2023-07-23T09:01:00+00:00","article_modified_time":"2024-10-28T16:54:39+00:00","og_image":[{"width":2560,"height":1440,"url":"https:\/\/periodicodialogo.cl\/wp\/wp-content\/uploads\/2023\/07\/Analia-Fernandez-3-edited-scaled.jpg","type":"image\/jpeg"}],"author":"Cecilia D\u00edaz","twitter_card":"summary_large_image","twitter_misc":{"Escrito por":"Cecilia D\u00edaz","Tiempo estimado de lectura":"4 minutos"},"schema":{"@context":"https:\/\/schema.org","@graph":[{"@type":"Article","@id":"https:\/\/periodicodialogo.cl\/wp\/2023\/07\/analia-fernandez-canales-esgrimista-tenemos-poco-apoyo-las-madres-deportistas-en-chile\/#article","isPartOf":{"@id":"https:\/\/periodicodialogo.cl\/wp\/2023\/07\/analia-fernandez-canales-esgrimista-tenemos-poco-apoyo-las-madres-deportistas-en-chile\/"},"author":{"name":"Cecilia D\u00edaz","@id":"https:\/\/periodicodialogo.cl\/wp\/#\/schema\/person\/c559d89efb04daedb22cbdac7d8cc93e"},"headline":"Anal\u00eda Fern\u00e1ndez Canales, esgrimista: \u201cTenemos poco apoyo las madres deportistas en Chile\u201d","datePublished":"2023-07-23T09:01:00+00:00","dateModified":"2024-10-28T16:54:39+00:00","mainEntityOfPage":{"@id":"https:\/\/periodicodialogo.cl\/wp\/2023\/07\/analia-fernandez-canales-esgrimista-tenemos-poco-apoyo-las-madres-deportistas-en-chile\/"},"wordCount":851,"publisher":{"@id":"https:\/\/periodicodialogo.cl\/wp\/#organization"},"image":{"@id":"https:\/\/periodicodialogo.cl\/wp\/2023\/07\/analia-fernandez-canales-esgrimista-tenemos-poco-apoyo-las-madres-deportistas-en-chile\/#primaryimage"},"thumbnailUrl":"https:\/\/periodicodialogo.cl\/wp\/wp-content\/uploads\/2023\/07\/Analia-Fernandez-3-edited-scaled.jpg","articleSection":["Entrevistas"],"inLanguage":"es-CL"},{"@type":"WebPage","@id":"https:\/\/periodicodialogo.cl\/wp\/2023\/07\/analia-fernandez-canales-esgrimista-tenemos-poco-apoyo-las-madres-deportistas-en-chile\/","url":"https:\/\/periodicodialogo.cl\/wp\/2023\/07\/analia-fernandez-canales-esgrimista-tenemos-poco-apoyo-las-madres-deportistas-en-chile\/","name":"Anal\u00eda Fern\u00e1ndez Canales, esgrimista: \u201cTenemos poco apoyo las madres deportistas en Chile\u201d - Di\u00e1logo","isPartOf":{"@id":"https:\/\/periodicodialogo.cl\/wp\/#website"},"primaryImageOfPage":{"@id":"https:\/\/periodicodialogo.cl\/wp\/2023\/07\/analia-fernandez-canales-esgrimista-tenemos-poco-apoyo-las-madres-deportistas-en-chile\/#primaryimage"},"image":{"@id":"https:\/\/periodicodialogo.cl\/wp\/2023\/07\/analia-fernandez-canales-esgrimista-tenemos-poco-apoyo-las-madres-deportistas-en-chile\/#primaryimage"},"thumbnailUrl":"https:\/\/periodicodialogo.cl\/wp\/wp-content\/uploads\/2023\/07\/Analia-Fernandez-3-edited-scaled.jpg","datePublished":"2023-07-23T09:01:00+00:00","dateModified":"2024-10-28T16:54:39+00:00","breadcrumb":{"@id":"https:\/\/periodicodialogo.cl\/wp\/2023\/07\/analia-fernandez-canales-esgrimista-tenemos-poco-apoyo-las-madres-deportistas-en-chile\/#breadcrumb"},"inLanguage":"es-CL","potentialAction":[{"@type":"ReadAction","target":["https:\/\/periodicodialogo.cl\/wp\/2023\/07\/analia-fernandez-canales-esgrimista-tenemos-poco-apoyo-las-madres-deportistas-en-chile\/"]}]},{"@type":"ImageObject","inLanguage":"es-CL","@id":"https:\/\/periodicodialogo.cl\/wp\/2023\/07\/analia-fernandez-canales-esgrimista-tenemos-poco-apoyo-las-madres-deportistas-en-chile\/#primaryimage","url":"https:\/\/periodicodialogo.cl\/wp\/wp-content\/uploads\/2023\/07\/Analia-Fernandez-3-edited-scaled.jpg","contentUrl":"https:\/\/periodicodialogo.cl\/wp\/wp-content\/uploads\/2023\/07\/Analia-Fernandez-3-edited-scaled.jpg","width":3648,"height":2052},{"@type":"BreadcrumbList","@id":"https:\/\/periodicodialogo.cl\/wp\/2023\/07\/analia-fernandez-canales-esgrimista-tenemos-poco-apoyo-las-madres-deportistas-en-chile\/#breadcrumb","itemListElement":[{"@type":"ListItem","position":1,"name":"Portada","item":"https:\/\/periodicodialogo.cl\/wp\/"},{"@type":"ListItem","position":2,"name":"Anal\u00eda Fern\u00e1ndez Canales, esgrimista: \u201cTenemos poco apoyo las madres deportistas en Chile\u201d"}]},{"@type":"WebSite","@id":"https:\/\/periodicodialogo.cl\/wp\/#website","url":"https:\/\/periodicodialogo.cl\/wp\/","name":"Di\u00e1logo","description":"Semanario de Cultura y Sociedad","publisher":{"@id":"https:\/\/periodicodialogo.cl\/wp\/#organization"},"potentialAction":[{"@type":"SearchAction","target":{"@type":"EntryPoint","urlTemplate":"https:\/\/periodicodialogo.cl\/wp\/?s={search_term_string}"},"query-input":{"@type":"PropertyValueSpecification","valueRequired":true,"valueName":"search_term_string"}}],"inLanguage":"es-CL"},{"@type":"Organization","@id":"https:\/\/periodicodialogo.cl\/wp\/#organization","name":"Di\u00e1logo","url":"https:\/\/periodicodialogo.cl\/wp\/","logo":{"@type":"ImageObject","inLanguage":"es-CL","@id":"https:\/\/periodicodialogo.cl\/wp\/#\/schema\/logo\/image\/","url":"https:\/\/periodicodialogo.cl\/wp\/wp-content\/uploads\/2024\/10\/cropped-Dialg.png","contentUrl":"https:\/\/periodicodialogo.cl\/wp\/wp-content\/uploads\/2024\/10\/cropped-Dialg.png","width":1667,"height":456,"caption":"Di\u00e1logo"},"image":{"@id":"https:\/\/periodicodialogo.cl\/wp\/#\/schema\/logo\/image\/"}},{"@type":"Person","@id":"https:\/\/periodicodialogo.cl\/wp\/#\/schema\/person\/c559d89efb04daedb22cbdac7d8cc93e","name":"Cecilia D\u00edaz","sameAs":["http:\/\/www.periodicodialogo.cl"],"url":"https:\/\/periodicodialogo.cl\/wp\/author\/ceciliadiaz\/"}]}},"jetpack_featured_media_url":"https:\/\/periodicodialogo.cl\/wp\/wp-content\/uploads\/2023\/07\/Analia-Fernandez-3-edited-scaled.jpg","_links":{"self":[{"href":"https:\/\/periodicodialogo.cl\/wp\/wp-json\/wp\/v2\/posts\/3954"}],"collection":[{"href":"https:\/\/periodicodialogo.cl\/wp\/wp-json\/wp\/v2\/posts"}],"about":[{"href":"https:\/\/periodicodialogo.cl\/wp\/wp-json\/wp\/v2\/types\/post"}],"author":[{"embeddable":true,"href":"https:\/\/periodicodialogo.cl\/wp\/wp-json\/wp\/v2\/users\/5"}],"replies":[{"embeddable":true,"href":"https:\/\/periodicodialogo.cl\/wp\/wp-json\/wp\/v2\/comments?post=3954"}],"version-history":[{"count":2,"href":"https:\/\/periodicodialogo.cl\/wp\/wp-json\/wp\/v2\/posts\/3954\/revisions"}],"predecessor-version":[{"id":3961,"href":"https:\/\/periodicodialogo.cl\/wp\/wp-json\/wp\/v2\/posts\/3954\/revisions\/3961"}],"wp:featuredmedia":[{"embeddable":true,"href":"https:\/\/periodicodialogo.cl\/wp\/wp-json\/wp\/v2\/media\/3956"}],"wp:attachment":[{"href":"https:\/\/periodicodialogo.cl\/wp\/wp-json\/wp\/v2\/media?parent=3954"}],"wp:term":[{"taxonomy":"category","embeddable":true,"href":"https:\/\/periodicodialogo.cl\/wp\/wp-json\/wp\/v2\/categories?post=3954"},{"taxonomy":"post_tag","embeddable":true,"href":"https:\/\/periodicodialogo.cl\/wp\/wp-json\/wp\/v2\/tags?post=3954"}],"curies":[{"name":"wp","href":"https:\/\/api.w.org\/{rel}","templated":true}]}}