{"id":2670,"date":"2022-05-20T05:00:00","date_gmt":"2022-05-20T08:00:00","guid":{"rendered":"https:\/\/periodicodialogo.cl\/wp\/?p=2670"},"modified":"2024-10-28T13:50:23","modified_gmt":"2024-10-28T16:50:23","slug":"cuidar-la-vida-es-cuidar-la-democracia","status":"publish","type":"post","link":"https:\/\/periodicodialogo.cl\/wp\/2022\/05\/cuidar-la-vida-es-cuidar-la-democracia\/","title":{"rendered":"Cuidar la vida es cuidar la democracia"},"content":{"rendered":"\n<p>Estamos viviendo tiempos muy complejos. En la ciudadan\u00eda hay temor y tambi\u00e9n, desesperanza. El pa\u00eds se ve polarizado y las voces alarmistas de un lado y otro, generan m\u00e1s desasosiego en la sociedad. Muchas personas perciben un deterioro en su poder adquisitivo debido a la inflaci\u00f3n. M\u00e1s que nunca se percibe que estamos interrelacionados y que lo que<br>acontece fuera de Chile tambi\u00e9n nos repercute. Siempre son los<br>m\u00e1s pobres los que terminen siendo m\u00e1s perjudicados.<\/p>\n\n\n\n<!--more-->\n\n\n\n<p><\/p>\n\n\n\n<p>El ambiente pol\u00edtico est\u00e1 enrarecido. Demasiadas divisiones<br>internas en las coaliciones que dificultan un di\u00e1logo propiamente racional donde el bien com\u00fan sea el norte. No se comparten los diagn\u00f3sticos de la situaci\u00f3n que vive el pa\u00eds y, por lo tanto, tampoco hay soluciones compartidas.<\/p>\n\n\n\n<p> La posibilidad de una nueva Constituci\u00f3n parti\u00f3 siendo<br>un factor de unidad, pero a medida que pasa el tiempo, lamentablemente se ha ido diluyendo. Claramente el borrador de la nueva Constituci\u00f3n genera profundos cuestionamientos, sobre todo en aspectos fundamentales como el respeto a la vida del no nacido. Eso e grave porque el fundamento de una sociedad democr\u00e1tica es proteger la vida, sobre todo la del inocente.<br>Pienso que falt\u00f3 escuchar m\u00e1s a la ciencia, y sobre todo al sentido com\u00fan en cuanto se cuestiona el valor de lo que fuimos cada uno de nosotros en el vientre de nuestra propia madre. <\/p>\n\n\n\n<p>Nadie duda que hay embarazos complejos, pero nada puede justificar la eliminaci\u00f3n de un ser humano inocente. Cuesta entender la l\u00f3gica de quien promueve el aborto. Desde ese punto de vista, urge una reflexi\u00f3n m\u00e1s pausada del pa\u00eds que queremos. Pienso que el haber pauperizado las clases de filosof\u00eda y humanidades en general en la escuela ha influido en<br>este modo de pensar tan pragm\u00e1tico. En ese sentido DI\u00c1LOGO ha hecho un aporte a la sociedad contribuyendo a pasar de la emoci\u00f3n a la<br>raz\u00f3n, a tratar de buscar aquello que nos une y reconocer que la verdad es sinf\u00f3nica y todos podemos hacer un aporte. Es as\u00ed como se construye la democracia que tanto cost\u00f3 recuperar.<\/p>\n","protected":false},"excerpt":{"rendered":"<p>Estamos viviendo tiempos muy complejos. En la ciudadan\u00eda hay temor y tambi\u00e9n, desesperanza. El pa\u00eds se ve polarizado y las voces alarmistas de un lado y otro, generan m\u00e1s desasosiego en la sociedad. Muchas personas perciben un deterioro en su poder adquisitivo debido a la inflaci\u00f3n. M\u00e1s que nunca se percibe que estamos interrelacionados y [&hellip;]<\/p>\n","protected":false},"author":11,"featured_media":0,"comment_status":"closed","ping_status":"open","sticky":false,"template":"","format":"standard","meta":{"_acf_changed":false,"sb_editor_width":"","footnotes":""},"categories":[7],"tags":[],"class_list":["post-2670","post","type-post","status-publish","format-standard","hentry","category-opinion"],"acf":[],"relative_dates":{"created":"4 a\u00f1os ago","modified":"1 a\u00f1o ago"},"yoast_head":"<!-- This site is optimized with the Yoast SEO plugin v23.8 - https:\/\/yoast.com\/wordpress\/plugins\/seo\/ -->\n<title>Cuidar la vida es cuidar la democracia - Di\u00e1logo<\/title>\n<meta name=\"robots\" content=\"index, follow, max-snippet:-1, max-image-preview:large, max-video-preview:-1\" \/>\n<link rel=\"canonical\" href=\"https:\/\/periodicodialogo.cl\/wp\/2022\/05\/cuidar-la-vida-es-cuidar-la-democracia\/\" \/>\n<meta property=\"og:locale\" content=\"es_ES\" \/>\n<meta property=\"og:type\" content=\"article\" \/>\n<meta property=\"og:title\" content=\"Cuidar la vida es cuidar la democracia - Di\u00e1logo\" \/>\n<meta property=\"og:description\" content=\"Estamos viviendo tiempos muy complejos. En la ciudadan\u00eda hay temor y tambi\u00e9n, desesperanza. El pa\u00eds se ve polarizado y las voces alarmistas de un lado y otro, generan m\u00e1s desasosiego en la sociedad. Muchas personas perciben un deterioro en su poder adquisitivo debido a la inflaci\u00f3n. M\u00e1s que nunca se percibe que estamos interrelacionados y [&hellip;]\" \/>\n<meta property=\"og:url\" content=\"https:\/\/periodicodialogo.cl\/wp\/2022\/05\/cuidar-la-vida-es-cuidar-la-democracia\/\" \/>\n<meta property=\"og:site_name\" content=\"Di\u00e1logo\" \/>\n<meta property=\"article:published_time\" content=\"2022-05-20T08:00:00+00:00\" \/>\n<meta property=\"article:modified_time\" content=\"2024-10-28T16:50:23+00:00\" \/>\n<meta name=\"author\" content=\"Mons. Fernando Chomali\" \/>\n<meta name=\"twitter:card\" content=\"summary_large_image\" \/>\n<meta name=\"twitter:label1\" content=\"Escrito por\" \/>\n\t<meta name=\"twitter:data1\" content=\"Mons. Fernando Chomali\" \/>\n\t<meta name=\"twitter:label2\" content=\"Tiempo estimado de lectura\" \/>\n\t<meta name=\"twitter:data2\" content=\"2 minutos\" \/>\n<script type=\"application\/ld+json\" class=\"yoast-schema-graph\">{\"@context\":\"https:\/\/schema.org\",\"@graph\":[{\"@type\":\"Article\",\"@id\":\"https:\/\/periodicodialogo.cl\/wp\/2022\/05\/cuidar-la-vida-es-cuidar-la-democracia\/#article\",\"isPartOf\":{\"@id\":\"https:\/\/periodicodialogo.cl\/wp\/2022\/05\/cuidar-la-vida-es-cuidar-la-democracia\/\"},\"author\":{\"name\":\"Mons. Fernando Chomali\",\"@id\":\"https:\/\/periodicodialogo.cl\/wp\/#\/schema\/person\/b680b6bc3b834785ed2ba7bbf6f6c722\"},\"headline\":\"Cuidar la vida es cuidar la democracia\",\"datePublished\":\"2022-05-20T08:00:00+00:00\",\"dateModified\":\"2024-10-28T16:50:23+00:00\",\"mainEntityOfPage\":{\"@id\":\"https:\/\/periodicodialogo.cl\/wp\/2022\/05\/cuidar-la-vida-es-cuidar-la-democracia\/\"},\"wordCount\":371,\"publisher\":{\"@id\":\"https:\/\/periodicodialogo.cl\/wp\/#organization\"},\"articleSection\":[\"Opini\u00f3n\"],\"inLanguage\":\"es-CL\"},{\"@type\":\"WebPage\",\"@id\":\"https:\/\/periodicodialogo.cl\/wp\/2022\/05\/cuidar-la-vida-es-cuidar-la-democracia\/\",\"url\":\"https:\/\/periodicodialogo.cl\/wp\/2022\/05\/cuidar-la-vida-es-cuidar-la-democracia\/\",\"name\":\"Cuidar la vida es cuidar la democracia - Di\u00e1logo\",\"isPartOf\":{\"@id\":\"https:\/\/periodicodialogo.cl\/wp\/#website\"},\"datePublished\":\"2022-05-20T08:00:00+00:00\",\"dateModified\":\"2024-10-28T16:50:23+00:00\",\"breadcrumb\":{\"@id\":\"https:\/\/periodicodialogo.cl\/wp\/2022\/05\/cuidar-la-vida-es-cuidar-la-democracia\/#breadcrumb\"},\"inLanguage\":\"es-CL\",\"potentialAction\":[{\"@type\":\"ReadAction\",\"target\":[\"https:\/\/periodicodialogo.cl\/wp\/2022\/05\/cuidar-la-vida-es-cuidar-la-democracia\/\"]}]},{\"@type\":\"BreadcrumbList\",\"@id\":\"https:\/\/periodicodialogo.cl\/wp\/2022\/05\/cuidar-la-vida-es-cuidar-la-democracia\/#breadcrumb\",\"itemListElement\":[{\"@type\":\"ListItem\",\"position\":1,\"name\":\"Portada\",\"item\":\"https:\/\/periodicodialogo.cl\/wp\/\"},{\"@type\":\"ListItem\",\"position\":2,\"name\":\"Cuidar la vida es cuidar la democracia\"}]},{\"@type\":\"WebSite\",\"@id\":\"https:\/\/periodicodialogo.cl\/wp\/#website\",\"url\":\"https:\/\/periodicodialogo.cl\/wp\/\",\"name\":\"Di\u00e1logo\",\"description\":\"Semanario de Cultura y Sociedad\",\"publisher\":{\"@id\":\"https:\/\/periodicodialogo.cl\/wp\/#organization\"},\"potentialAction\":[{\"@type\":\"SearchAction\",\"target\":{\"@type\":\"EntryPoint\",\"urlTemplate\":\"https:\/\/periodicodialogo.cl\/wp\/?s={search_term_string}\"},\"query-input\":{\"@type\":\"PropertyValueSpecification\",\"valueRequired\":true,\"valueName\":\"search_term_string\"}}],\"inLanguage\":\"es-CL\"},{\"@type\":\"Organization\",\"@id\":\"https:\/\/periodicodialogo.cl\/wp\/#organization\",\"name\":\"Di\u00e1logo\",\"url\":\"https:\/\/periodicodialogo.cl\/wp\/\",\"logo\":{\"@type\":\"ImageObject\",\"inLanguage\":\"es-CL\",\"@id\":\"https:\/\/periodicodialogo.cl\/wp\/#\/schema\/logo\/image\/\",\"url\":\"https:\/\/periodicodialogo.cl\/wp\/wp-content\/uploads\/2024\/10\/cropped-Dialg.png\",\"contentUrl\":\"https:\/\/periodicodialogo.cl\/wp\/wp-content\/uploads\/2024\/10\/cropped-Dialg.png\",\"width\":1667,\"height\":456,\"caption\":\"Di\u00e1logo\"},\"image\":{\"@id\":\"https:\/\/periodicodialogo.cl\/wp\/#\/schema\/logo\/image\/\"}},{\"@type\":\"Person\",\"@id\":\"https:\/\/periodicodialogo.cl\/wp\/#\/schema\/person\/b680b6bc3b834785ed2ba7bbf6f6c722\",\"name\":\"Mons. Fernando Chomali\",\"url\":\"https:\/\/periodicodialogo.cl\/wp\/author\/fernando\/\"}]}<\/script>\n<!-- \/ Yoast SEO plugin. -->","yoast_head_json":{"title":"Cuidar la vida es cuidar la democracia - Di\u00e1logo","robots":{"index":"index","follow":"follow","max-snippet":"max-snippet:-1","max-image-preview":"max-image-preview:large","max-video-preview":"max-video-preview:-1"},"canonical":"https:\/\/periodicodialogo.cl\/wp\/2022\/05\/cuidar-la-vida-es-cuidar-la-democracia\/","og_locale":"es_ES","og_type":"article","og_title":"Cuidar la vida es cuidar la democracia - Di\u00e1logo","og_description":"Estamos viviendo tiempos muy complejos. En la ciudadan\u00eda hay temor y tambi\u00e9n, desesperanza. El pa\u00eds se ve polarizado y las voces alarmistas de un lado y otro, generan m\u00e1s desasosiego en la sociedad. Muchas personas perciben un deterioro en su poder adquisitivo debido a la inflaci\u00f3n. M\u00e1s que nunca se percibe que estamos interrelacionados y [&hellip;]","og_url":"https:\/\/periodicodialogo.cl\/wp\/2022\/05\/cuidar-la-vida-es-cuidar-la-democracia\/","og_site_name":"Di\u00e1logo","article_published_time":"2022-05-20T08:00:00+00:00","article_modified_time":"2024-10-28T16:50:23+00:00","author":"Mons. Fernando Chomali","twitter_card":"summary_large_image","twitter_misc":{"Escrito por":"Mons. Fernando Chomali","Tiempo estimado de lectura":"2 minutos"},"schema":{"@context":"https:\/\/schema.org","@graph":[{"@type":"Article","@id":"https:\/\/periodicodialogo.cl\/wp\/2022\/05\/cuidar-la-vida-es-cuidar-la-democracia\/#article","isPartOf":{"@id":"https:\/\/periodicodialogo.cl\/wp\/2022\/05\/cuidar-la-vida-es-cuidar-la-democracia\/"},"author":{"name":"Mons. Fernando Chomali","@id":"https:\/\/periodicodialogo.cl\/wp\/#\/schema\/person\/b680b6bc3b834785ed2ba7bbf6f6c722"},"headline":"Cuidar la vida es cuidar la democracia","datePublished":"2022-05-20T08:00:00+00:00","dateModified":"2024-10-28T16:50:23+00:00","mainEntityOfPage":{"@id":"https:\/\/periodicodialogo.cl\/wp\/2022\/05\/cuidar-la-vida-es-cuidar-la-democracia\/"},"wordCount":371,"publisher":{"@id":"https:\/\/periodicodialogo.cl\/wp\/#organization"},"articleSection":["Opini\u00f3n"],"inLanguage":"es-CL"},{"@type":"WebPage","@id":"https:\/\/periodicodialogo.cl\/wp\/2022\/05\/cuidar-la-vida-es-cuidar-la-democracia\/","url":"https:\/\/periodicodialogo.cl\/wp\/2022\/05\/cuidar-la-vida-es-cuidar-la-democracia\/","name":"Cuidar la vida es cuidar la democracia - Di\u00e1logo","isPartOf":{"@id":"https:\/\/periodicodialogo.cl\/wp\/#website"},"datePublished":"2022-05-20T08:00:00+00:00","dateModified":"2024-10-28T16:50:23+00:00","breadcrumb":{"@id":"https:\/\/periodicodialogo.cl\/wp\/2022\/05\/cuidar-la-vida-es-cuidar-la-democracia\/#breadcrumb"},"inLanguage":"es-CL","potentialAction":[{"@type":"ReadAction","target":["https:\/\/periodicodialogo.cl\/wp\/2022\/05\/cuidar-la-vida-es-cuidar-la-democracia\/"]}]},{"@type":"BreadcrumbList","@id":"https:\/\/periodicodialogo.cl\/wp\/2022\/05\/cuidar-la-vida-es-cuidar-la-democracia\/#breadcrumb","itemListElement":[{"@type":"ListItem","position":1,"name":"Portada","item":"https:\/\/periodicodialogo.cl\/wp\/"},{"@type":"ListItem","position":2,"name":"Cuidar la vida es cuidar la democracia"}]},{"@type":"WebSite","@id":"https:\/\/periodicodialogo.cl\/wp\/#website","url":"https:\/\/periodicodialogo.cl\/wp\/","name":"Di\u00e1logo","description":"Semanario de Cultura y Sociedad","publisher":{"@id":"https:\/\/periodicodialogo.cl\/wp\/#organization"},"potentialAction":[{"@type":"SearchAction","target":{"@type":"EntryPoint","urlTemplate":"https:\/\/periodicodialogo.cl\/wp\/?s={search_term_string}"},"query-input":{"@type":"PropertyValueSpecification","valueRequired":true,"valueName":"search_term_string"}}],"inLanguage":"es-CL"},{"@type":"Organization","@id":"https:\/\/periodicodialogo.cl\/wp\/#organization","name":"Di\u00e1logo","url":"https:\/\/periodicodialogo.cl\/wp\/","logo":{"@type":"ImageObject","inLanguage":"es-CL","@id":"https:\/\/periodicodialogo.cl\/wp\/#\/schema\/logo\/image\/","url":"https:\/\/periodicodialogo.cl\/wp\/wp-content\/uploads\/2024\/10\/cropped-Dialg.png","contentUrl":"https:\/\/periodicodialogo.cl\/wp\/wp-content\/uploads\/2024\/10\/cropped-Dialg.png","width":1667,"height":456,"caption":"Di\u00e1logo"},"image":{"@id":"https:\/\/periodicodialogo.cl\/wp\/#\/schema\/logo\/image\/"}},{"@type":"Person","@id":"https:\/\/periodicodialogo.cl\/wp\/#\/schema\/person\/b680b6bc3b834785ed2ba7bbf6f6c722","name":"Mons. Fernando Chomali","url":"https:\/\/periodicodialogo.cl\/wp\/author\/fernando\/"}]}},"jetpack_featured_media_url":"","_links":{"self":[{"href":"https:\/\/periodicodialogo.cl\/wp\/wp-json\/wp\/v2\/posts\/2670"}],"collection":[{"href":"https:\/\/periodicodialogo.cl\/wp\/wp-json\/wp\/v2\/posts"}],"about":[{"href":"https:\/\/periodicodialogo.cl\/wp\/wp-json\/wp\/v2\/types\/post"}],"author":[{"embeddable":true,"href":"https:\/\/periodicodialogo.cl\/wp\/wp-json\/wp\/v2\/users\/11"}],"replies":[{"embeddable":true,"href":"https:\/\/periodicodialogo.cl\/wp\/wp-json\/wp\/v2\/comments?post=2670"}],"version-history":[{"count":1,"href":"https:\/\/periodicodialogo.cl\/wp\/wp-json\/wp\/v2\/posts\/2670\/revisions"}],"predecessor-version":[{"id":2671,"href":"https:\/\/periodicodialogo.cl\/wp\/wp-json\/wp\/v2\/posts\/2670\/revisions\/2671"}],"wp:attachment":[{"href":"https:\/\/periodicodialogo.cl\/wp\/wp-json\/wp\/v2\/media?parent=2670"}],"wp:term":[{"taxonomy":"category","embeddable":true,"href":"https:\/\/periodicodialogo.cl\/wp\/wp-json\/wp\/v2\/categories?post=2670"},{"taxonomy":"post_tag","embeddable":true,"href":"https:\/\/periodicodialogo.cl\/wp\/wp-json\/wp\/v2\/tags?post=2670"}],"curies":[{"name":"wp","href":"https:\/\/api.w.org\/{rel}","templated":true}]}}