{"id":2427,"date":"2022-02-18T05:53:25","date_gmt":"2022-02-18T08:53:25","guid":{"rendered":"http:\/\/periodicodialogo.cl\/wp\/?p=2427"},"modified":"2022-02-15T23:13:32","modified_gmt":"2022-02-16T02:13:32","slug":"las-cuatro-frases-que-no-hay-que-decir-nunca-a-un-nino-pequeno","status":"publish","type":"post","link":"https:\/\/periodicodialogo.cl\/wp\/2022\/02\/las-cuatro-frases-que-no-hay-que-decir-nunca-a-un-nino-pequeno\/","title":{"rendered":"Las cuatro frases que no hay que decir nunca a un ni\u00f1o peque\u00f1o"},"content":{"rendered":"\n<figure class=\"wp-block-image size-large\"><img fetchpriority=\"high\" decoding=\"async\" width=\"821\" height=\"462\" src=\"https:\/\/periodicodialogo.cl\/wp\/wp-content\/uploads\/2022\/02\/Sin-titulo-edited.png\" alt=\"\" class=\"wp-image-2429\" srcset=\"https:\/\/periodicodialogo.cl\/wp\/wp-content\/uploads\/2022\/02\/Sin-titulo-edited.png 821w, https:\/\/periodicodialogo.cl\/wp\/wp-content\/uploads\/2022\/02\/Sin-titulo-edited-300x169.png 300w, https:\/\/periodicodialogo.cl\/wp\/wp-content\/uploads\/2022\/02\/Sin-titulo-edited-768x432.png 768w\" sizes=\"(max-width: 821px) 100vw, 821px\" \/><\/figure>\n\n\n\n<p class=\"has-medium-font-size\"><strong>La crianza de los hijos nada f\u00e1cil es, y es habitual que los padres caigan en expresiones y lenguajes que, de ser repetitivos, pueden generar efectos en la personalidad de sus hijos. Aqu\u00ed algunos consejos de conductas que se deben evitar.&nbsp;<\/strong><\/p>\n\n\n\n<!--more-->\n\n\n\n<p class=\"has-small-font-size\"><strong>Family and Media<\/strong><\/p>\n\n\n\n<p class=\"has-drop-cap\">No todas las palabras son iguales: algunas edifican, animan, dan paz. Otras hieren, pesan, marcan.<\/p>\n\n\n\n<p>Las palabras generan emociones, pensamientos.&nbsp;La comunicaci\u00f3n que se establece entre las personas de alg\u00fan modo construye siempre, para bien o para mal, la realidad que habitamos.<\/p>\n\n\n\n<p>En el caso de la relaci\u00f3n entre padres e hijos peque\u00f1os, la buena comunicaci\u00f3n se basa tambi\u00e9n en el tipo de lenguaje utilizado, en la&nbsp;elecci\u00f3n de las palabras que se dicen o no a un ni\u00f1o que est\u00e1 creciendo.<\/p>\n\n\n\n<p>A continuaci\u00f3n algunos elementos de reflexi\u00f3n,&nbsp;cuatro frases que nunca deber\u00edan decirse a un ni\u00f1o y algunos consejos para reemplazarlas por oraciones m\u00e1s constructivas.<\/p>\n\n\n\n<p><strong>1.&nbsp;\u00a1D\u00e9jame en paz!<\/strong><\/p>\n\n\n\n<p>Puede parecer una frase banal: es una de esas expresiones que salen sin querer, quiz\u00e1s en un momento de cansancio, enfado y estr\u00e9s (\u00bfqui\u00e9n no pierde nunca la paciencia?), pero pensemos un momento lo que estamos comunicando cuando decimos una frase como esta y qu\u00e9 puede pasar si, en lugar de decirlo solo cuando estamos al l\u00edmite del aguante, se convierte en parte de nuestro lenguaje habitual.<\/p>\n\n\n\n<p>Decir a un ni\u00f1o con demasiada frecuencia frases como:&nbsp;&#8220;d\u00e9jame en paz&#8221;, &#8220;no me moleste&#8221;, &#8220;estoy ocupado&#8221;, corre el riesgo de traer a un ni\u00f1o un mensaje peligroso: &#8220;No tengo tiempo para ti&#8221;, &#8220;Eres menos importante que las dem\u00e1s cosas que debo hacer&#8221;&nbsp;.<\/p>\n\n\n\n<p>De esta manera, adem\u00e1s de sentirse frustrado&nbsp;<em>hoy<\/em>, ser\u00e1 dif\u00edcil para un hijo tener un di\u00e1logo&nbsp;<em>ma\u00f1ana<\/em>, confiar en nosotros.<\/p>\n\n\n\n<p>En lugar de frases tajantes que colocan al hijo en una situaci\u00f3n de rechazo, es mejor explicarle lo que se est\u00e1 haciendo y la raz\u00f3n de la ausencia temporal: &#8221;&nbsp;mam\u00e1 (o pap\u00e1) tiene que acabar un asunto importante; si sigues dibujando unos minutos m\u00e1s, estoy contigo en cuanto termine&nbsp;&#8220;.<\/p>\n\n\n\n<p><strong>2.&nbsp;\u00a1Eres \u2026!<\/strong><\/p>\n\n\n\n<p>&#8220;Eres malo&#8221;, &#8220;eres molesto&#8221;, &#8220;eres odioso&#8221;, &#8220;\u00bfes que eres tonto?&#8221; y otras etiquetas de este tipo no ayudan al ni\u00f1o a mejorar. En estas oraciones, de hecho, no hay una sugerencia de &#8220;hacer las cosas mejor&#8221;, o una indicaci\u00f3n del error cometido, sino s\u00f3lo un&nbsp;<em>juicio<\/em>, que aparece casi sin apelaci\u00f3n.<\/p>\n\n\n\n<p>Debemos pensar tambi\u00e9n que las etiquetas, especialmente cuando son negativas, se adhieren a los ni\u00f1os y se convierten casi en&nbsp;&nbsp;profec\u00edas que luego se cumplen: El ni\u00f1o se reconocer\u00e1 en esas denominaciones, pensar\u00e1 que &#8220;lo definen como persona&#8221; y comenzar\u00e1 a comportarse en consecuencia.<\/p>\n\n\n\n<p>Incluso, una etiqueta positiva puede llegar a ser &#8220;agotadora&#8221;: un ni\u00f1o al que siempre se le dice que es &#8220;muy inteligente&#8221;, podr\u00eda sentir una gran expectativa sobre s\u00ed mismo y vivir con miedo a decepcionar.<\/p>\n\n\n\n<p>Un enfoque m\u00e1s conveniente puede ser abordar los comportamientos individuales uno por uno:&nbsp;&#8220;al pegar a tu compa\u00f1ero te has equivocado&#8221;, &#8220;cuando te comportas as\u00ed, tu hermana llora, se siente mal&#8221;, &#8220;a mam\u00e1 no le hace gracia lo que ha pasado, pero vamos a ver juntos c\u00f3mo se puede arreglar&#8221;, &#8220;\u00a1te has portado muy bien terminando tan deprisa los deberes!&#8221;<\/p>\n\n\n\n<p><strong>3.&nbsp;\u00a1No llores!<\/strong><\/p>\n\n\n\n<p>Un ni\u00f1o llora porque no sabe expresar con palabras lo que siente; es su lenguaje, por irritante que pueda ser para un adulto escuchar a menudo berridos y lloros. Si decimos frases como&nbsp;&#8220;no est\u00e9s triste&#8221;; &#8220;no seas un beb\u00e9&#8221;; &#8220;no hay raz\u00f3n para tener miedo&#8221;, nos arriesgamos a &#8220;menospreciar la emoci\u00f3n&#8221;&nbsp;que siente en lugar de ayudarle a &#8220;darle forma&#8221;. Decirle que no debe llorar o que no hay raz\u00f3n para estar triste es mandarle este mensaje: &#8220;tus emociones no son v\u00e1lidas&#8221;.&nbsp;<\/p>\n\n\n\n<p>En lugar de negar las emociones de un ni\u00f1o, es mucho mejor mostrarle que se reconoce lo que siente, por ejemplo:&nbsp;&#8220;te da mucho miedo este perro, \u00bfverdad? Pero es bueno: no muerde, mira, le gustan las caricias&#8221;, &#8220;\u00bfest\u00e1s triste porque no quiere jugar contigo?&#8221;, &#8220;es normal que tengas miedo a las olas, pero te tengo bien agarrado y no te pasar\u00e1 nada malo&#8221;.<\/p>\n\n\n\n<p>Es importante llamar por su nombre a las emociones que siente el ni\u00f1o. &#8220;\u00bfEst\u00e1s enojado?&#8221;, &#8220;\u00bfest\u00e1s contento?&#8221;: de esta manera, aprender\u00e1 a gestionarlas y a no agobiarse. M\u00e1s adelante, gracias a nuestro trabajo, aprender\u00e1 a describir lo que siente sin echarse en l\u00e1grimas.<\/p>\n\n\n\n<p><strong>4.&nbsp;\u00bfPor qu\u00e9 no eres como tu hermana?<\/strong><\/p>\n\n\n\n<p>Si se tiene m\u00e1s de un hijo es casi fisiol\u00f3gico caer en la tentaci\u00f3n de comparar a los hermanos. &#8220;Tu hermana se pone sola los zapatos&#8230; \u00bfpor qu\u00e9 t\u00fa no puedes?&#8221;. Pero es bueno saber que cada ni\u00f1o es \u00fanico, tiene sus propios tiempos, sus propias debilidades y fortalezas&#8230;&nbsp;Debemos tener la paciencia de dejar que cada ni\u00f1o crezca a su ritmo, con su car\u00e1cter y su personalidad&nbsp;.<\/p>\n\n\n\n<p>Adem\u00e1s, las continuas comparaciones no mejoran los comportamientos; por el contrario, estar constantemente bajo presi\u00f3n por algo a lo que uno no se siente preparado o capaz de hacer, o que no le gusta, puede ser una fuente de frustraci\u00f3n y comprometer la autoestima.<\/p>\n\n\n\n<p>Al contrario, es mejor apoyar los triunfos y poner como ejemplo lo que sabe hacer:&nbsp;&#8220;\u00a1muy bien, te has puesto solo los calcetines!&#8221;, as\u00ed lo animaremos a superarse cada vez m\u00e1s.<\/p>\n","protected":false},"excerpt":{"rendered":"<p>La crianza de los hijos nada f\u00e1cil es, y es habitual que los padres caigan en expresiones y lenguajes que, de ser repetitivos, pueden generar efectos en la personalidad de sus hijos. Aqu\u00ed algunos consejos de conductas que se deben evitar.&nbsp;<\/p>\n","protected":false},"author":4,"featured_media":2429,"comment_status":"closed","ping_status":"open","sticky":false,"template":"","format":"standard","meta":{"_acf_changed":false,"sb_editor_width":"","footnotes":""},"categories":[13,5],"tags":[],"class_list":["post-2427","post","type-post","status-publish","format-standard","has-post-thumbnail","hentry","category-edicionimpresa","category-temas"],"acf":[],"relative_dates":{"created":"4 a\u00f1os ago","modified":"4 a\u00f1os ago"},"yoast_head":"<!-- This site is optimized with the Yoast SEO plugin v23.8 - https:\/\/yoast.com\/wordpress\/plugins\/seo\/ -->\n<title>Las cuatro frases que no hay que decir nunca a un ni\u00f1o peque\u00f1o - Di\u00e1logo<\/title>\n<meta name=\"robots\" content=\"index, follow, max-snippet:-1, max-image-preview:large, max-video-preview:-1\" \/>\n<link rel=\"canonical\" href=\"https:\/\/periodicodialogo.cl\/wp\/2022\/02\/las-cuatro-frases-que-no-hay-que-decir-nunca-a-un-nino-pequeno\/\" \/>\n<meta property=\"og:locale\" content=\"es_ES\" \/>\n<meta property=\"og:type\" content=\"article\" \/>\n<meta property=\"og:title\" content=\"Las cuatro frases que no hay que decir nunca a un ni\u00f1o peque\u00f1o - Di\u00e1logo\" \/>\n<meta property=\"og:description\" content=\"La crianza de los hijos nada f\u00e1cil es, y es habitual que los padres caigan en expresiones y lenguajes que, de ser repetitivos, pueden generar efectos en la personalidad de sus hijos. Aqu\u00ed algunos consejos de conductas que se deben evitar.&nbsp;\" \/>\n<meta property=\"og:url\" content=\"https:\/\/periodicodialogo.cl\/wp\/2022\/02\/las-cuatro-frases-que-no-hay-que-decir-nunca-a-un-nino-pequeno\/\" \/>\n<meta property=\"og:site_name\" content=\"Di\u00e1logo\" \/>\n<meta property=\"article:published_time\" content=\"2022-02-18T08:53:25+00:00\" \/>\n<meta property=\"article:modified_time\" content=\"2022-02-16T02:13:32+00:00\" \/>\n<meta property=\"og:image\" content=\"https:\/\/periodicodialogo.cl\/wp\/wp-content\/uploads\/2022\/02\/Sin-titulo-edited.png\" \/>\n\t<meta property=\"og:image:width\" content=\"821\" \/>\n\t<meta property=\"og:image:height\" content=\"462\" \/>\n\t<meta property=\"og:image:type\" content=\"image\/png\" \/>\n<meta name=\"author\" content=\"Redacci\u00f3n Di\u00e1logo\" \/>\n<meta name=\"twitter:card\" content=\"summary_large_image\" \/>\n<meta name=\"twitter:label1\" content=\"Escrito por\" \/>\n\t<meta name=\"twitter:data1\" content=\"Redacci\u00f3n Di\u00e1logo\" \/>\n\t<meta name=\"twitter:label2\" content=\"Tiempo estimado de lectura\" \/>\n\t<meta name=\"twitter:data2\" content=\"5 minutos\" \/>\n<script type=\"application\/ld+json\" class=\"yoast-schema-graph\">{\"@context\":\"https:\/\/schema.org\",\"@graph\":[{\"@type\":\"Article\",\"@id\":\"https:\/\/periodicodialogo.cl\/wp\/2022\/02\/las-cuatro-frases-que-no-hay-que-decir-nunca-a-un-nino-pequeno\/#article\",\"isPartOf\":{\"@id\":\"https:\/\/periodicodialogo.cl\/wp\/2022\/02\/las-cuatro-frases-que-no-hay-que-decir-nunca-a-un-nino-pequeno\/\"},\"author\":{\"name\":\"Redacci\u00f3n Di\u00e1logo\",\"@id\":\"https:\/\/periodicodialogo.cl\/wp\/#\/schema\/person\/d6c6ed37dac852cb48149ca42ffd540f\"},\"headline\":\"Las cuatro frases que no hay que decir nunca a un ni\u00f1o peque\u00f1o\",\"datePublished\":\"2022-02-18T08:53:25+00:00\",\"dateModified\":\"2022-02-16T02:13:32+00:00\",\"mainEntityOfPage\":{\"@id\":\"https:\/\/periodicodialogo.cl\/wp\/2022\/02\/las-cuatro-frases-que-no-hay-que-decir-nunca-a-un-nino-pequeno\/\"},\"wordCount\":971,\"publisher\":{\"@id\":\"https:\/\/periodicodialogo.cl\/wp\/#organization\"},\"image\":{\"@id\":\"https:\/\/periodicodialogo.cl\/wp\/2022\/02\/las-cuatro-frases-que-no-hay-que-decir-nunca-a-un-nino-pequeno\/#primaryimage\"},\"thumbnailUrl\":\"https:\/\/periodicodialogo.cl\/wp\/wp-content\/uploads\/2022\/02\/Sin-titulo-edited.png\",\"articleSection\":[\"Edici\u00f3n Impresa\",\"Temas\"],\"inLanguage\":\"es-CL\"},{\"@type\":\"WebPage\",\"@id\":\"https:\/\/periodicodialogo.cl\/wp\/2022\/02\/las-cuatro-frases-que-no-hay-que-decir-nunca-a-un-nino-pequeno\/\",\"url\":\"https:\/\/periodicodialogo.cl\/wp\/2022\/02\/las-cuatro-frases-que-no-hay-que-decir-nunca-a-un-nino-pequeno\/\",\"name\":\"Las cuatro frases que no hay que decir nunca a un ni\u00f1o peque\u00f1o - Di\u00e1logo\",\"isPartOf\":{\"@id\":\"https:\/\/periodicodialogo.cl\/wp\/#website\"},\"primaryImageOfPage\":{\"@id\":\"https:\/\/periodicodialogo.cl\/wp\/2022\/02\/las-cuatro-frases-que-no-hay-que-decir-nunca-a-un-nino-pequeno\/#primaryimage\"},\"image\":{\"@id\":\"https:\/\/periodicodialogo.cl\/wp\/2022\/02\/las-cuatro-frases-que-no-hay-que-decir-nunca-a-un-nino-pequeno\/#primaryimage\"},\"thumbnailUrl\":\"https:\/\/periodicodialogo.cl\/wp\/wp-content\/uploads\/2022\/02\/Sin-titulo-edited.png\",\"datePublished\":\"2022-02-18T08:53:25+00:00\",\"dateModified\":\"2022-02-16T02:13:32+00:00\",\"breadcrumb\":{\"@id\":\"https:\/\/periodicodialogo.cl\/wp\/2022\/02\/las-cuatro-frases-que-no-hay-que-decir-nunca-a-un-nino-pequeno\/#breadcrumb\"},\"inLanguage\":\"es-CL\",\"potentialAction\":[{\"@type\":\"ReadAction\",\"target\":[\"https:\/\/periodicodialogo.cl\/wp\/2022\/02\/las-cuatro-frases-que-no-hay-que-decir-nunca-a-un-nino-pequeno\/\"]}]},{\"@type\":\"ImageObject\",\"inLanguage\":\"es-CL\",\"@id\":\"https:\/\/periodicodialogo.cl\/wp\/2022\/02\/las-cuatro-frases-que-no-hay-que-decir-nunca-a-un-nino-pequeno\/#primaryimage\",\"url\":\"https:\/\/periodicodialogo.cl\/wp\/wp-content\/uploads\/2022\/02\/Sin-titulo-edited.png\",\"contentUrl\":\"https:\/\/periodicodialogo.cl\/wp\/wp-content\/uploads\/2022\/02\/Sin-titulo-edited.png\",\"width\":821,\"height\":462},{\"@type\":\"BreadcrumbList\",\"@id\":\"https:\/\/periodicodialogo.cl\/wp\/2022\/02\/las-cuatro-frases-que-no-hay-que-decir-nunca-a-un-nino-pequeno\/#breadcrumb\",\"itemListElement\":[{\"@type\":\"ListItem\",\"position\":1,\"name\":\"Portada\",\"item\":\"https:\/\/periodicodialogo.cl\/wp\/\"},{\"@type\":\"ListItem\",\"position\":2,\"name\":\"Las cuatro frases que no hay que decir nunca a un ni\u00f1o peque\u00f1o\"}]},{\"@type\":\"WebSite\",\"@id\":\"https:\/\/periodicodialogo.cl\/wp\/#website\",\"url\":\"https:\/\/periodicodialogo.cl\/wp\/\",\"name\":\"Di\u00e1logo\",\"description\":\"Semanario de Cultura y Sociedad\",\"publisher\":{\"@id\":\"https:\/\/periodicodialogo.cl\/wp\/#organization\"},\"potentialAction\":[{\"@type\":\"SearchAction\",\"target\":{\"@type\":\"EntryPoint\",\"urlTemplate\":\"https:\/\/periodicodialogo.cl\/wp\/?s={search_term_string}\"},\"query-input\":{\"@type\":\"PropertyValueSpecification\",\"valueRequired\":true,\"valueName\":\"search_term_string\"}}],\"inLanguage\":\"es-CL\"},{\"@type\":\"Organization\",\"@id\":\"https:\/\/periodicodialogo.cl\/wp\/#organization\",\"name\":\"Di\u00e1logo\",\"url\":\"https:\/\/periodicodialogo.cl\/wp\/\",\"logo\":{\"@type\":\"ImageObject\",\"inLanguage\":\"es-CL\",\"@id\":\"https:\/\/periodicodialogo.cl\/wp\/#\/schema\/logo\/image\/\",\"url\":\"https:\/\/periodicodialogo.cl\/wp\/wp-content\/uploads\/2024\/10\/cropped-Dialg.png\",\"contentUrl\":\"https:\/\/periodicodialogo.cl\/wp\/wp-content\/uploads\/2024\/10\/cropped-Dialg.png\",\"width\":1667,\"height\":456,\"caption\":\"Di\u00e1logo\"},\"image\":{\"@id\":\"https:\/\/periodicodialogo.cl\/wp\/#\/schema\/logo\/image\/\"}},{\"@type\":\"Person\",\"@id\":\"https:\/\/periodicodialogo.cl\/wp\/#\/schema\/person\/d6c6ed37dac852cb48149ca42ffd540f\",\"name\":\"Redacci\u00f3n Di\u00e1logo\",\"url\":\"https:\/\/periodicodialogo.cl\/wp\/author\/alfredo-garcia\/\"}]}<\/script>\n<!-- \/ Yoast SEO plugin. -->","yoast_head_json":{"title":"Las cuatro frases que no hay que decir nunca a un ni\u00f1o peque\u00f1o - Di\u00e1logo","robots":{"index":"index","follow":"follow","max-snippet":"max-snippet:-1","max-image-preview":"max-image-preview:large","max-video-preview":"max-video-preview:-1"},"canonical":"https:\/\/periodicodialogo.cl\/wp\/2022\/02\/las-cuatro-frases-que-no-hay-que-decir-nunca-a-un-nino-pequeno\/","og_locale":"es_ES","og_type":"article","og_title":"Las cuatro frases que no hay que decir nunca a un ni\u00f1o peque\u00f1o - Di\u00e1logo","og_description":"La crianza de los hijos nada f\u00e1cil es, y es habitual que los padres caigan en expresiones y lenguajes que, de ser repetitivos, pueden generar efectos en la personalidad de sus hijos. Aqu\u00ed algunos consejos de conductas que se deben evitar.&nbsp;","og_url":"https:\/\/periodicodialogo.cl\/wp\/2022\/02\/las-cuatro-frases-que-no-hay-que-decir-nunca-a-un-nino-pequeno\/","og_site_name":"Di\u00e1logo","article_published_time":"2022-02-18T08:53:25+00:00","article_modified_time":"2022-02-16T02:13:32+00:00","og_image":[{"width":821,"height":462,"url":"https:\/\/periodicodialogo.cl\/wp\/wp-content\/uploads\/2022\/02\/Sin-titulo-edited.png","type":"image\/png"}],"author":"Redacci\u00f3n Di\u00e1logo","twitter_card":"summary_large_image","twitter_misc":{"Escrito por":"Redacci\u00f3n Di\u00e1logo","Tiempo estimado de lectura":"5 minutos"},"schema":{"@context":"https:\/\/schema.org","@graph":[{"@type":"Article","@id":"https:\/\/periodicodialogo.cl\/wp\/2022\/02\/las-cuatro-frases-que-no-hay-que-decir-nunca-a-un-nino-pequeno\/#article","isPartOf":{"@id":"https:\/\/periodicodialogo.cl\/wp\/2022\/02\/las-cuatro-frases-que-no-hay-que-decir-nunca-a-un-nino-pequeno\/"},"author":{"name":"Redacci\u00f3n Di\u00e1logo","@id":"https:\/\/periodicodialogo.cl\/wp\/#\/schema\/person\/d6c6ed37dac852cb48149ca42ffd540f"},"headline":"Las cuatro frases que no hay que decir nunca a un ni\u00f1o peque\u00f1o","datePublished":"2022-02-18T08:53:25+00:00","dateModified":"2022-02-16T02:13:32+00:00","mainEntityOfPage":{"@id":"https:\/\/periodicodialogo.cl\/wp\/2022\/02\/las-cuatro-frases-que-no-hay-que-decir-nunca-a-un-nino-pequeno\/"},"wordCount":971,"publisher":{"@id":"https:\/\/periodicodialogo.cl\/wp\/#organization"},"image":{"@id":"https:\/\/periodicodialogo.cl\/wp\/2022\/02\/las-cuatro-frases-que-no-hay-que-decir-nunca-a-un-nino-pequeno\/#primaryimage"},"thumbnailUrl":"https:\/\/periodicodialogo.cl\/wp\/wp-content\/uploads\/2022\/02\/Sin-titulo-edited.png","articleSection":["Edici\u00f3n Impresa","Temas"],"inLanguage":"es-CL"},{"@type":"WebPage","@id":"https:\/\/periodicodialogo.cl\/wp\/2022\/02\/las-cuatro-frases-que-no-hay-que-decir-nunca-a-un-nino-pequeno\/","url":"https:\/\/periodicodialogo.cl\/wp\/2022\/02\/las-cuatro-frases-que-no-hay-que-decir-nunca-a-un-nino-pequeno\/","name":"Las cuatro frases que no hay que decir nunca a un ni\u00f1o peque\u00f1o - Di\u00e1logo","isPartOf":{"@id":"https:\/\/periodicodialogo.cl\/wp\/#website"},"primaryImageOfPage":{"@id":"https:\/\/periodicodialogo.cl\/wp\/2022\/02\/las-cuatro-frases-que-no-hay-que-decir-nunca-a-un-nino-pequeno\/#primaryimage"},"image":{"@id":"https:\/\/periodicodialogo.cl\/wp\/2022\/02\/las-cuatro-frases-que-no-hay-que-decir-nunca-a-un-nino-pequeno\/#primaryimage"},"thumbnailUrl":"https:\/\/periodicodialogo.cl\/wp\/wp-content\/uploads\/2022\/02\/Sin-titulo-edited.png","datePublished":"2022-02-18T08:53:25+00:00","dateModified":"2022-02-16T02:13:32+00:00","breadcrumb":{"@id":"https:\/\/periodicodialogo.cl\/wp\/2022\/02\/las-cuatro-frases-que-no-hay-que-decir-nunca-a-un-nino-pequeno\/#breadcrumb"},"inLanguage":"es-CL","potentialAction":[{"@type":"ReadAction","target":["https:\/\/periodicodialogo.cl\/wp\/2022\/02\/las-cuatro-frases-que-no-hay-que-decir-nunca-a-un-nino-pequeno\/"]}]},{"@type":"ImageObject","inLanguage":"es-CL","@id":"https:\/\/periodicodialogo.cl\/wp\/2022\/02\/las-cuatro-frases-que-no-hay-que-decir-nunca-a-un-nino-pequeno\/#primaryimage","url":"https:\/\/periodicodialogo.cl\/wp\/wp-content\/uploads\/2022\/02\/Sin-titulo-edited.png","contentUrl":"https:\/\/periodicodialogo.cl\/wp\/wp-content\/uploads\/2022\/02\/Sin-titulo-edited.png","width":821,"height":462},{"@type":"BreadcrumbList","@id":"https:\/\/periodicodialogo.cl\/wp\/2022\/02\/las-cuatro-frases-que-no-hay-que-decir-nunca-a-un-nino-pequeno\/#breadcrumb","itemListElement":[{"@type":"ListItem","position":1,"name":"Portada","item":"https:\/\/periodicodialogo.cl\/wp\/"},{"@type":"ListItem","position":2,"name":"Las cuatro frases que no hay que decir nunca a un ni\u00f1o peque\u00f1o"}]},{"@type":"WebSite","@id":"https:\/\/periodicodialogo.cl\/wp\/#website","url":"https:\/\/periodicodialogo.cl\/wp\/","name":"Di\u00e1logo","description":"Semanario de Cultura y Sociedad","publisher":{"@id":"https:\/\/periodicodialogo.cl\/wp\/#organization"},"potentialAction":[{"@type":"SearchAction","target":{"@type":"EntryPoint","urlTemplate":"https:\/\/periodicodialogo.cl\/wp\/?s={search_term_string}"},"query-input":{"@type":"PropertyValueSpecification","valueRequired":true,"valueName":"search_term_string"}}],"inLanguage":"es-CL"},{"@type":"Organization","@id":"https:\/\/periodicodialogo.cl\/wp\/#organization","name":"Di\u00e1logo","url":"https:\/\/periodicodialogo.cl\/wp\/","logo":{"@type":"ImageObject","inLanguage":"es-CL","@id":"https:\/\/periodicodialogo.cl\/wp\/#\/schema\/logo\/image\/","url":"https:\/\/periodicodialogo.cl\/wp\/wp-content\/uploads\/2024\/10\/cropped-Dialg.png","contentUrl":"https:\/\/periodicodialogo.cl\/wp\/wp-content\/uploads\/2024\/10\/cropped-Dialg.png","width":1667,"height":456,"caption":"Di\u00e1logo"},"image":{"@id":"https:\/\/periodicodialogo.cl\/wp\/#\/schema\/logo\/image\/"}},{"@type":"Person","@id":"https:\/\/periodicodialogo.cl\/wp\/#\/schema\/person\/d6c6ed37dac852cb48149ca42ffd540f","name":"Redacci\u00f3n Di\u00e1logo","url":"https:\/\/periodicodialogo.cl\/wp\/author\/alfredo-garcia\/"}]}},"jetpack_featured_media_url":"https:\/\/periodicodialogo.cl\/wp\/wp-content\/uploads\/2022\/02\/Sin-titulo-edited.png","_links":{"self":[{"href":"https:\/\/periodicodialogo.cl\/wp\/wp-json\/wp\/v2\/posts\/2427"}],"collection":[{"href":"https:\/\/periodicodialogo.cl\/wp\/wp-json\/wp\/v2\/posts"}],"about":[{"href":"https:\/\/periodicodialogo.cl\/wp\/wp-json\/wp\/v2\/types\/post"}],"author":[{"embeddable":true,"href":"https:\/\/periodicodialogo.cl\/wp\/wp-json\/wp\/v2\/users\/4"}],"replies":[{"embeddable":true,"href":"https:\/\/periodicodialogo.cl\/wp\/wp-json\/wp\/v2\/comments?post=2427"}],"version-history":[{"count":2,"href":"https:\/\/periodicodialogo.cl\/wp\/wp-json\/wp\/v2\/posts\/2427\/revisions"}],"predecessor-version":[{"id":2467,"href":"https:\/\/periodicodialogo.cl\/wp\/wp-json\/wp\/v2\/posts\/2427\/revisions\/2467"}],"wp:featuredmedia":[{"embeddable":true,"href":"https:\/\/periodicodialogo.cl\/wp\/wp-json\/wp\/v2\/media\/2429"}],"wp:attachment":[{"href":"https:\/\/periodicodialogo.cl\/wp\/wp-json\/wp\/v2\/media?parent=2427"}],"wp:term":[{"taxonomy":"category","embeddable":true,"href":"https:\/\/periodicodialogo.cl\/wp\/wp-json\/wp\/v2\/categories?post=2427"},{"taxonomy":"post_tag","embeddable":true,"href":"https:\/\/periodicodialogo.cl\/wp\/wp-json\/wp\/v2\/tags?post=2427"}],"curies":[{"name":"wp","href":"https:\/\/api.w.org\/{rel}","templated":true}]}}